{"id":20976,"date":"2022-10-14T16:03:32","date_gmt":"2022-10-14T22:03:32","guid":{"rendered":"http:\/\/elmetidosve.com\/?p=20976"},"modified":"2022-10-14T16:03:32","modified_gmt":"2022-10-14T22:03:32","slug":"solicitan-extension-del-regimen-de-excepcion-para-continuar-combatiendo-a-las-pandillas","status":"publish","type":"post","link":"https:\/\/elmetidosv.com\/?p=20976","title":{"rendered":"Solicitan extensi\u00f3n del R\u00e9gimen de Excepci\u00f3n para continuar combatiendo a las pandillas"},"content":{"rendered":"<p>El ministro de Justicia y seguridad Gustavo Villatoro, entreg\u00f3 este viernes al presidente de la, Asamblea Legislativa, la pieza de correspondencia para solicitar la extensi\u00f3n del r\u00e9gimen de excepci\u00f3n.<\/p>\n<p>El ministro Villatoro destac\u00f3 que, durante el r\u00e9gimen de excepci\u00f3n se han realizado m\u00e1s 55 mil capturas de pandilleros y sus colaboradores.<\/p>\n<p>Adem\u00e1s, se han incautado m\u00e1s de 1,600 armas de fuego y 2,026 veh\u00edculos que eran utilizadas por estas estructuras para cometer delitos en contra de la poblaci\u00f3n.<\/p>\n<p>El titular de Seguridad tambi\u00e9n inform\u00f3 que hasta la fecha contabilizan m\u00e1s de 214 d\u00edas sin homicidios, la mayor\u00eda dentro del R\u00e9gimen de Excepci\u00f3n. Esta estad\u00edstica permiti\u00f3 que El Salvador saliera de lista de los pa\u00edses m\u00e1s violentos del mundo, afirm\u00f3 el funcionario.<\/p>\n<p>Por su parte el presidente del \u00f3rgano Legislativo aseguro \u201cseguiremos dando la gobernabilidad que el Ejecutivo necesita para proteger a los salvadore\u00f1os. Estamos cerca de tener El Salvador que tanto so\u00f1amos\u201d.<\/p>\n","protected":false},"excerpt":{"rendered":"<p>El ministro de Justicia y seguridad Gustavo Villatoro, entreg\u00f3 este viernes al presidente de la, Asamblea Legislativa, la pieza de<\/p>\n","protected":false},"author":2,"featured_media":20977,"comment_status":"open","ping_status":"open","sticky":false,"template":"","format":"standard","meta":{"colormag_page_container_layout":"default_layout","colormag_page_sidebar_layout":"default_layout","footnotes":""},"categories":[1],"tags":[],"class_list":["post-20976","post","type-post","status-publish","format-standard","has-post-thumbnail","hentry","category-nacional"],"_links":{"self":[{"href":"https:\/\/elmetidosv.com\/index.php?rest_route=\/wp\/v2\/posts\/20976","targetHints":{"allow":["GET"]}}],"collection":[{"href":"https:\/\/elmetidosv.com\/index.php?rest_route=\/wp\/v2\/posts"}],"about":[{"href":"https:\/\/elmetidosv.com\/index.php?rest_route=\/wp\/v2\/types\/post"}],"author":[{"embeddable":true,"href":"https:\/\/elmetidosv.com\/index.php?rest_route=\/wp\/v2\/users\/2"}],"replies":[{"embeddable":true,"href":"https:\/\/elmetidosv.com\/index.php?rest_route=%2Fwp%2Fv2%2Fcomments&post=20976"}],"version-history":[{"count":1,"href":"https:\/\/elmetidosv.com\/index.php?rest_route=\/wp\/v2\/posts\/20976\/revisions"}],"predecessor-version":[{"id":20978,"href":"https:\/\/elmetidosv.com\/index.php?rest_route=\/wp\/v2\/posts\/20976\/revisions\/20978"}],"wp:featuredmedia":[{"embeddable":true,"href":"https:\/\/elmetidosv.com\/index.php?rest_route=\/wp\/v2\/media\/20977"}],"wp:attachment":[{"href":"https:\/\/elmetidosv.com\/index.php?rest_route=%2Fwp%2Fv2%2Fmedia&parent=20976"}],"wp:term":[{"taxonomy":"category","embeddable":true,"href":"https:\/\/elmetidosv.com\/index.php?rest_route=%2Fwp%2Fv2%2Fcategories&post=20976"},{"taxonomy":"post_tag","embeddable":true,"href":"https:\/\/elmetidosv.com\/index.php?rest_route=%2Fwp%2Fv2%2Ftags&post=20976"}],"curies":[{"name":"wp","href":"https:\/\/api.w.org\/{rel}","templated":true}]}}