{"id":2092,"date":"2020-04-30T19:14:36","date_gmt":"2020-05-01T01:14:36","guid":{"rendered":"http:\/\/elmetidosve.com\/?p=2092"},"modified":"2020-04-30T19:14:43","modified_gmt":"2020-05-01T01:14:43","slug":"aeropuerto-de-el-salvador-permanecera-cerrado-hasta-el-16-de-mayo","status":"publish","type":"post","link":"https:\/\/elmetidosv.com\/?p=2092","title":{"rendered":"Aeropuerto de El Salvador permanecer\u00e1 cerrado hasta el 16 de mayo"},"content":{"rendered":"\n<p>La Comisi\u00f3n Ejecutiva Portuaria Aut\u00f3noma (CEPA) inform\u00f3, ayer en horas de la tarde, que el aeropuerto internacional de El Salvador permanecer\u00e1 cerrado a vuelos comerciales hasta el pr\u00f3ximo 16 de mayo.<\/p>\n\n\n\n<p>Estas medidas son en el cumplimiento al Decreto Ejecutivo n\u00famero 21, que establece las medidas de prevenci\u00f3n y contenci\u00f3n, ante el estado de emergencia por el COVID-19.<\/p>\n\n\n\n<p>\u201cEl Aeropuerto Internacional de El Salvador seguir\u00e1 suspendido para vuelos comerciales de pasajeros, tentativamente hasta el 16 de mayo\u201d, comentaron en sus redes oficiales.<\/p>\n\n\n\n<p>Las autoridades aseguraron que la medida implementada en el Aeropuerto Internacional, no afectar\u00e1 las operaciones de: vuelos de carga, vuelos de ayuda humanitaria, vuelos ambulancia, vuelos ferry\/mantenimiento.<\/p>\n\n\n\n<p>De igual manera se tiene contemplado que no afecte los vuelos vuelos de emergencia, vuelos de parada t\u00e9cnica, donde los pasajeros no desembarcan y vuelos militares del Estado salvadore\u00f1o.<\/p>\n","protected":false},"excerpt":{"rendered":"<p>La Comisi\u00f3n Ejecutiva Portuaria Aut\u00f3noma (CEPA) inform\u00f3, ayer en horas de la tarde, que el aeropuerto internacional de El Salvador<\/p>\n","protected":false},"author":1,"featured_media":2093,"comment_status":"open","ping_status":"open","sticky":false,"template":"","format":"standard","meta":{"colormag_page_container_layout":"default_layout","colormag_page_sidebar_layout":"default_layout","footnotes":""},"categories":[1],"tags":[],"class_list":["post-2092","post","type-post","status-publish","format-standard","has-post-thumbnail","hentry","category-nacional"],"_links":{"self":[{"href":"https:\/\/elmetidosv.com\/index.php?rest_route=\/wp\/v2\/posts\/2092","targetHints":{"allow":["GET"]}}],"collection":[{"href":"https:\/\/elmetidosv.com\/index.php?rest_route=\/wp\/v2\/posts"}],"about":[{"href":"https:\/\/elmetidosv.com\/index.php?rest_route=\/wp\/v2\/types\/post"}],"author":[{"embeddable":true,"href":"https:\/\/elmetidosv.com\/index.php?rest_route=\/wp\/v2\/users\/1"}],"replies":[{"embeddable":true,"href":"https:\/\/elmetidosv.com\/index.php?rest_route=%2Fwp%2Fv2%2Fcomments&post=2092"}],"version-history":[{"count":1,"href":"https:\/\/elmetidosv.com\/index.php?rest_route=\/wp\/v2\/posts\/2092\/revisions"}],"predecessor-version":[{"id":2094,"href":"https:\/\/elmetidosv.com\/index.php?rest_route=\/wp\/v2\/posts\/2092\/revisions\/2094"}],"wp:featuredmedia":[{"embeddable":true,"href":"https:\/\/elmetidosv.com\/index.php?rest_route=\/wp\/v2\/media\/2093"}],"wp:attachment":[{"href":"https:\/\/elmetidosv.com\/index.php?rest_route=%2Fwp%2Fv2%2Fmedia&parent=2092"}],"wp:term":[{"taxonomy":"category","embeddable":true,"href":"https:\/\/elmetidosv.com\/index.php?rest_route=%2Fwp%2Fv2%2Fcategories&post=2092"},{"taxonomy":"post_tag","embeddable":true,"href":"https:\/\/elmetidosv.com\/index.php?rest_route=%2Fwp%2Fv2%2Ftags&post=2092"}],"curies":[{"name":"wp","href":"https:\/\/api.w.org\/{rel}","templated":true}]}}