{"id":20886,"date":"2022-10-10T17:07:37","date_gmt":"2022-10-10T23:07:37","guid":{"rendered":"http:\/\/elmetidosve.com\/?p=20886"},"modified":"2022-10-10T17:07:37","modified_gmt":"2022-10-10T23:07:37","slug":"tormenta-tropical-julia-ya-ingreso-a-territorio-guatemalteco","status":"publish","type":"post","link":"https:\/\/elmetidosv.com\/?p=20886","title":{"rendered":"Tormenta tropical Julia ya ingres\u00f3 a territorio Guatemalteco"},"content":{"rendered":"<p><img loading=\"lazy\" decoding=\"async\" class=\"aligncenter\" src=\"https:\/\/cdn.elblog.com\/wp-content\/uploads\/2022\/10\/Boletin-Conred-3-1024x791.jpg\" width=\"759\" height=\"586\" \/><\/p>\n<p><img loading=\"lazy\" decoding=\"async\" class=\"aligncenter\" src=\"https:\/\/cdn.elblog.com\/wp-content\/uploads\/2022\/10\/Boletin-Conred-2-792x1024.jpg\" width=\"765\" height=\"990\" \/><\/p>\n<p><img loading=\"lazy\" decoding=\"async\" class=\"\" src=\"https:\/\/cdn.elblog.com\/wp-content\/uploads\/2022\/10\/Boletin-Conred-1-798x1024.jpg\" width=\"796\" height=\"1021\" \/><\/p>\n<p>La Coordinadora Nacional para la Reducci\u00f3n de Desastres (Conred), de Guatemala, confirm\u00f3 que la tormenta tropical Julia ya ingres\u00f3 a territorio guatemalteco.<\/p>\n<p>La tormenta tropical Julia estaba hace unos minutos a 60 kil\u00f3metros del departamento guatemalteco de Jutiapa.<\/p>\n<p>\u201cEl sistema se desplaza a una velocidad de 24 Km\/h (por hora) aproximadamente, con direcci\u00f3n al oeste-noreste\u201d, agrega Conred en un bolet\u00edn.<\/p>\n<p>Sin embargo, las precipitaciones continuar\u00e1n en territorio salvadore\u00f1o durante el resto del d\u00eda, incluso hasta el martes por las bandas de nubes que acompa\u00f1an al sistema.<\/p>\n<p>Las autoridades salvadore\u00f1as hacen el llamado a la poblaci\u00f3n a no prestar atenci\u00f3n a informaci\u00f3n falsa que se difunde de forma maliciosa.<\/p>\n<p>\u201cVamos a tener vientos, r\u00e1fagas de hasta 70km\/h en todo el pa\u00eds, la tormenta se est\u00e1 degradando pero el riesgo contin\u00faa\u00bb, previno el ministro de Medio Ambiente, Fernando L\u00f3pez.<\/p>\n","protected":false},"excerpt":{"rendered":"<p>La Coordinadora Nacional para la Reducci\u00f3n de Desastres (Conred), de Guatemala, confirm\u00f3 que la tormenta tropical Julia ya ingres\u00f3 a<\/p>\n","protected":false},"author":2,"featured_media":20887,"comment_status":"open","ping_status":"open","sticky":false,"template":"","format":"standard","meta":{"colormag_page_container_layout":"default_layout","colormag_page_sidebar_layout":"default_layout","footnotes":""},"categories":[3],"tags":[],"class_list":["post-20886","post","type-post","status-publish","format-standard","has-post-thumbnail","hentry","category-internacional"],"_links":{"self":[{"href":"https:\/\/elmetidosv.com\/index.php?rest_route=\/wp\/v2\/posts\/20886","targetHints":{"allow":["GET"]}}],"collection":[{"href":"https:\/\/elmetidosv.com\/index.php?rest_route=\/wp\/v2\/posts"}],"about":[{"href":"https:\/\/elmetidosv.com\/index.php?rest_route=\/wp\/v2\/types\/post"}],"author":[{"embeddable":true,"href":"https:\/\/elmetidosv.com\/index.php?rest_route=\/wp\/v2\/users\/2"}],"replies":[{"embeddable":true,"href":"https:\/\/elmetidosv.com\/index.php?rest_route=%2Fwp%2Fv2%2Fcomments&post=20886"}],"version-history":[{"count":1,"href":"https:\/\/elmetidosv.com\/index.php?rest_route=\/wp\/v2\/posts\/20886\/revisions"}],"predecessor-version":[{"id":20888,"href":"https:\/\/elmetidosv.com\/index.php?rest_route=\/wp\/v2\/posts\/20886\/revisions\/20888"}],"wp:featuredmedia":[{"embeddable":true,"href":"https:\/\/elmetidosv.com\/index.php?rest_route=\/wp\/v2\/media\/20887"}],"wp:attachment":[{"href":"https:\/\/elmetidosv.com\/index.php?rest_route=%2Fwp%2Fv2%2Fmedia&parent=20886"}],"wp:term":[{"taxonomy":"category","embeddable":true,"href":"https:\/\/elmetidosv.com\/index.php?rest_route=%2Fwp%2Fv2%2Fcategories&post=20886"},{"taxonomy":"post_tag","embeddable":true,"href":"https:\/\/elmetidosv.com\/index.php?rest_route=%2Fwp%2Fv2%2Ftags&post=20886"}],"curies":[{"name":"wp","href":"https:\/\/api.w.org\/{rel}","templated":true}]}}