{"id":20828,"date":"2022-10-05T16:45:53","date_gmt":"2022-10-05T22:45:53","guid":{"rendered":"http:\/\/elmetidosve.com\/?p=20828"},"modified":"2022-10-05T16:45:53","modified_gmt":"2022-10-05T22:45:53","slug":"conductor-choca-con-una-ambulancia-en-cojutepeque","status":"publish","type":"post","link":"https:\/\/elmetidosv.com\/?p=20828","title":{"rendered":"Conductor choca con una ambulancia en Cojutepeque"},"content":{"rendered":"<p>Un conductor particular impact\u00f3 con una ambulancia que atend\u00eda una emergencia durante la ma\u00f1ana de este mi\u00e9rcoles en la carretera Panamericana, en Cuscatl\u00e1n.<\/p>\n<p>El percance se registr\u00f3 en las inmediaciones del municipio de Cojutepeque, detallan los reportes.<\/p>\n<p>Seg\u00fan se inform\u00f3, la ambulancia trasladaba a un motociclista que se hab\u00eda accidentado poco antes. Sin embargo, en ese momento fue impactada por un carro liviano.<\/p>\n<p>Reportes policiales indican que la causa de este accidente ser\u00eda la distracci\u00f3n al volante.<\/p>\n","protected":false},"excerpt":{"rendered":"<p>Un conductor particular impact\u00f3 con una ambulancia que atend\u00eda una emergencia durante la ma\u00f1ana de este mi\u00e9rcoles en la carretera<\/p>\n","protected":false},"author":2,"featured_media":20829,"comment_status":"open","ping_status":"open","sticky":false,"template":"","format":"standard","meta":{"colormag_page_container_layout":"default_layout","colormag_page_sidebar_layout":"default_layout","footnotes":""},"categories":[1],"tags":[],"class_list":["post-20828","post","type-post","status-publish","format-standard","has-post-thumbnail","hentry","category-nacional"],"_links":{"self":[{"href":"https:\/\/elmetidosv.com\/index.php?rest_route=\/wp\/v2\/posts\/20828","targetHints":{"allow":["GET"]}}],"collection":[{"href":"https:\/\/elmetidosv.com\/index.php?rest_route=\/wp\/v2\/posts"}],"about":[{"href":"https:\/\/elmetidosv.com\/index.php?rest_route=\/wp\/v2\/types\/post"}],"author":[{"embeddable":true,"href":"https:\/\/elmetidosv.com\/index.php?rest_route=\/wp\/v2\/users\/2"}],"replies":[{"embeddable":true,"href":"https:\/\/elmetidosv.com\/index.php?rest_route=%2Fwp%2Fv2%2Fcomments&post=20828"}],"version-history":[{"count":1,"href":"https:\/\/elmetidosv.com\/index.php?rest_route=\/wp\/v2\/posts\/20828\/revisions"}],"predecessor-version":[{"id":20830,"href":"https:\/\/elmetidosv.com\/index.php?rest_route=\/wp\/v2\/posts\/20828\/revisions\/20830"}],"wp:featuredmedia":[{"embeddable":true,"href":"https:\/\/elmetidosv.com\/index.php?rest_route=\/wp\/v2\/media\/20829"}],"wp:attachment":[{"href":"https:\/\/elmetidosv.com\/index.php?rest_route=%2Fwp%2Fv2%2Fmedia&parent=20828"}],"wp:term":[{"taxonomy":"category","embeddable":true,"href":"https:\/\/elmetidosv.com\/index.php?rest_route=%2Fwp%2Fv2%2Fcategories&post=20828"},{"taxonomy":"post_tag","embeddable":true,"href":"https:\/\/elmetidosv.com\/index.php?rest_route=%2Fwp%2Fv2%2Ftags&post=20828"}],"curies":[{"name":"wp","href":"https:\/\/api.w.org\/{rel}","templated":true}]}}