{"id":20810,"date":"2022-10-04T16:56:59","date_gmt":"2022-10-04T22:56:59","guid":{"rendered":"http:\/\/elmetidosve.com\/?p=20810"},"modified":"2022-10-04T16:56:59","modified_gmt":"2022-10-04T22:56:59","slug":"entregan-viviendas-a-veteranos-en-municipios-de-santa-ana","status":"publish","type":"post","link":"https:\/\/elmetidosv.com\/?p=20810","title":{"rendered":"Entregan viviendas a veteranos en municipios de Santa Ana"},"content":{"rendered":"<p>Ministra de Vivienda Michelle Sol, entreg\u00f3 la ma\u00f1ana de este martes 4 de octubre, viviendas a veteranos de guerra en diferentes municipios de Santa Ana.<\/p>\n<p>Dicha entrega se realiz\u00f3 a trav\u00e9s del Instituto Administrador de los Beneficios de los Veteranos y Excombatientes (INABVE), indicaron las autoridades.<\/p>\n<p>Fueron ocho las viviendas entregadas en este sector, las cuales constan de dos dormitorios, sala, comedor y cocina, adem\u00e1s de pisos de cer\u00e1mica y ventanas francesas, en las cuales se ha hecho una inversi\u00f3n de $135,000.<\/p>\n<p>La ministra Sol destac\u00f3 que las viviendas constan de todos los servicios b\u00e1sicos y son parte de la inversi\u00f3n social del Gobierno para beneficio de los veteranos y excombatientes del conflicto armado.<\/p>\n","protected":false},"excerpt":{"rendered":"<p>Ministra de Vivienda Michelle Sol, entreg\u00f3 la ma\u00f1ana de este martes 4 de octubre, viviendas a veteranos de guerra en<\/p>\n","protected":false},"author":2,"featured_media":20812,"comment_status":"open","ping_status":"open","sticky":false,"template":"","format":"standard","meta":{"colormag_page_container_layout":"default_layout","colormag_page_sidebar_layout":"default_layout","footnotes":""},"categories":[1],"tags":[],"class_list":["post-20810","post","type-post","status-publish","format-standard","has-post-thumbnail","hentry","category-nacional"],"_links":{"self":[{"href":"https:\/\/elmetidosv.com\/index.php?rest_route=\/wp\/v2\/posts\/20810","targetHints":{"allow":["GET"]}}],"collection":[{"href":"https:\/\/elmetidosv.com\/index.php?rest_route=\/wp\/v2\/posts"}],"about":[{"href":"https:\/\/elmetidosv.com\/index.php?rest_route=\/wp\/v2\/types\/post"}],"author":[{"embeddable":true,"href":"https:\/\/elmetidosv.com\/index.php?rest_route=\/wp\/v2\/users\/2"}],"replies":[{"embeddable":true,"href":"https:\/\/elmetidosv.com\/index.php?rest_route=%2Fwp%2Fv2%2Fcomments&post=20810"}],"version-history":[{"count":1,"href":"https:\/\/elmetidosv.com\/index.php?rest_route=\/wp\/v2\/posts\/20810\/revisions"}],"predecessor-version":[{"id":20813,"href":"https:\/\/elmetidosv.com\/index.php?rest_route=\/wp\/v2\/posts\/20810\/revisions\/20813"}],"wp:featuredmedia":[{"embeddable":true,"href":"https:\/\/elmetidosv.com\/index.php?rest_route=\/wp\/v2\/media\/20812"}],"wp:attachment":[{"href":"https:\/\/elmetidosv.com\/index.php?rest_route=%2Fwp%2Fv2%2Fmedia&parent=20810"}],"wp:term":[{"taxonomy":"category","embeddable":true,"href":"https:\/\/elmetidosv.com\/index.php?rest_route=%2Fwp%2Fv2%2Fcategories&post=20810"},{"taxonomy":"post_tag","embeddable":true,"href":"https:\/\/elmetidosv.com\/index.php?rest_route=%2Fwp%2Fv2%2Ftags&post=20810"}],"curies":[{"name":"wp","href":"https:\/\/api.w.org\/{rel}","templated":true}]}}