{"id":20807,"date":"2022-10-04T16:46:39","date_gmt":"2022-10-04T22:46:39","guid":{"rendered":"http:\/\/elmetidosve.com\/?p=20807"},"modified":"2022-10-04T16:46:39","modified_gmt":"2022-10-04T22:46:39","slug":"sancionan-a-conductores-por-estacionarse-en-ejes-preferenciales","status":"publish","type":"post","link":"https:\/\/elmetidosv.com\/?p=20807","title":{"rendered":"Sancionan a conductores por estacionarse en ejes preferenciales"},"content":{"rendered":"<p><img decoding=\"async\" class=\"aligncenter\" src=\"https:\/\/pbs.twimg.com\/media\/FePSJ52XgAEuw34?format=jpg&amp;name=360x360\" alt=\"Imagen\" \/><img decoding=\"async\" class=\"aligncenter\" src=\"https:\/\/pbs.twimg.com\/media\/FePSM2HXwAETllp?format=jpg&amp;name=240x240\" alt=\"Imagen\" \/><\/p>\n<p>Autoridades del Viceministerio de Transporte (VMT) informaron sobre un operativo para liberar espacios en la ciudad de Santa Ana.<\/p>\n<p>De acuerdo con la informaci\u00f3n, el operativo dej\u00f3 resultados positivos ya que se lograron sancionar a varios conductores que estacionaron sus veh\u00edculos en los ejes preferenciales.<\/p>\n<p>Las autoridades aseguraron que estos controles se estar\u00e1n realizando constantemente en puntos estrat\u00e9gicos del pa\u00eds para hacer valer la ley de tr\u00e1nsito.<\/p>\n","protected":false},"excerpt":{"rendered":"<p>Autoridades del Viceministerio de Transporte (VMT) informaron sobre un operativo para liberar espacios en la ciudad de Santa Ana. De<\/p>\n","protected":false},"author":2,"featured_media":20808,"comment_status":"open","ping_status":"open","sticky":false,"template":"","format":"standard","meta":{"colormag_page_container_layout":"default_layout","colormag_page_sidebar_layout":"default_layout","footnotes":""},"categories":[1],"tags":[],"class_list":["post-20807","post","type-post","status-publish","format-standard","has-post-thumbnail","hentry","category-nacional"],"_links":{"self":[{"href":"https:\/\/elmetidosv.com\/index.php?rest_route=\/wp\/v2\/posts\/20807","targetHints":{"allow":["GET"]}}],"collection":[{"href":"https:\/\/elmetidosv.com\/index.php?rest_route=\/wp\/v2\/posts"}],"about":[{"href":"https:\/\/elmetidosv.com\/index.php?rest_route=\/wp\/v2\/types\/post"}],"author":[{"embeddable":true,"href":"https:\/\/elmetidosv.com\/index.php?rest_route=\/wp\/v2\/users\/2"}],"replies":[{"embeddable":true,"href":"https:\/\/elmetidosv.com\/index.php?rest_route=%2Fwp%2Fv2%2Fcomments&post=20807"}],"version-history":[{"count":1,"href":"https:\/\/elmetidosv.com\/index.php?rest_route=\/wp\/v2\/posts\/20807\/revisions"}],"predecessor-version":[{"id":20809,"href":"https:\/\/elmetidosv.com\/index.php?rest_route=\/wp\/v2\/posts\/20807\/revisions\/20809"}],"wp:featuredmedia":[{"embeddable":true,"href":"https:\/\/elmetidosv.com\/index.php?rest_route=\/wp\/v2\/media\/20808"}],"wp:attachment":[{"href":"https:\/\/elmetidosv.com\/index.php?rest_route=%2Fwp%2Fv2%2Fmedia&parent=20807"}],"wp:term":[{"taxonomy":"category","embeddable":true,"href":"https:\/\/elmetidosv.com\/index.php?rest_route=%2Fwp%2Fv2%2Fcategories&post=20807"},{"taxonomy":"post_tag","embeddable":true,"href":"https:\/\/elmetidosv.com\/index.php?rest_route=%2Fwp%2Fv2%2Ftags&post=20807"}],"curies":[{"name":"wp","href":"https:\/\/api.w.org\/{rel}","templated":true}]}}