{"id":20731,"date":"2022-09-26T17:20:19","date_gmt":"2022-09-26T23:20:19","guid":{"rendered":"http:\/\/elmetidosve.com\/?p=20731"},"modified":"2022-09-26T17:20:19","modified_gmt":"2022-09-26T23:20:19","slug":"miles-de-colombianos-salen-a-las-calles-a-protestar-contra-el-presidente-gustavo-petro","status":"publish","type":"post","link":"https:\/\/elmetidosv.com\/?p=20731","title":{"rendered":"Miles de colombianos salen a las calles a protestar contra el presidente Gustavo Petro"},"content":{"rendered":"<p>Miles de manifestantes se concentraron este lunes diferentes puntos de Colombia, entre estos en el Camell\u00f3n de Los M\u00e1rtires de Cartagena, para protestar contra las diferentes reformas que est\u00e1 impulsando el gobierno de Gustavo Petro, quien apenas cumple 90 d\u00edas de mandato.<\/p>\n<p>Los organizadores de las protestas aseguran que si no retiran las reformas que est\u00e1n siendo impulsadas por Petro, volver\u00e1n a las calles el pr\u00f3ximo 26 de octubre.<\/p>\n<p>\u201cQuieren gravar los pl\u00e1sticos y la gasolina. Al hacer eso, terminan gravando el frijol, la libra de arroz, la libra de az\u00facar y la sal en las tiendas. Con esto, Petro con su reforma pone en riesgo a alrededor de 250 mil tenderos en Colombia, los cuales tendr\u00edan que cerrar por cuenta de los impuestos\u00bb, dijo Pierre Onzaga, vocero nacional de las marchas.<\/p>\n<p>Adem\u00e1s, seg\u00fan Onzaga, el precio de los alimentos tambi\u00e9n aumentar\u00e1 por cuenta de una propuesta contenida en la reforma tributaria e ponerles impuestos a los alimentos.<\/p>\n","protected":false},"excerpt":{"rendered":"<p>Miles de manifestantes se concentraron este lunes diferentes puntos de Colombia, entre estos en el Camell\u00f3n de Los M\u00e1rtires de<\/p>\n","protected":false},"author":2,"featured_media":20732,"comment_status":"open","ping_status":"open","sticky":false,"template":"","format":"standard","meta":{"colormag_page_container_layout":"default_layout","colormag_page_sidebar_layout":"default_layout","footnotes":""},"categories":[3],"tags":[],"class_list":["post-20731","post","type-post","status-publish","format-standard","has-post-thumbnail","hentry","category-internacional"],"_links":{"self":[{"href":"https:\/\/elmetidosv.com\/index.php?rest_route=\/wp\/v2\/posts\/20731","targetHints":{"allow":["GET"]}}],"collection":[{"href":"https:\/\/elmetidosv.com\/index.php?rest_route=\/wp\/v2\/posts"}],"about":[{"href":"https:\/\/elmetidosv.com\/index.php?rest_route=\/wp\/v2\/types\/post"}],"author":[{"embeddable":true,"href":"https:\/\/elmetidosv.com\/index.php?rest_route=\/wp\/v2\/users\/2"}],"replies":[{"embeddable":true,"href":"https:\/\/elmetidosv.com\/index.php?rest_route=%2Fwp%2Fv2%2Fcomments&post=20731"}],"version-history":[{"count":1,"href":"https:\/\/elmetidosv.com\/index.php?rest_route=\/wp\/v2\/posts\/20731\/revisions"}],"predecessor-version":[{"id":20733,"href":"https:\/\/elmetidosv.com\/index.php?rest_route=\/wp\/v2\/posts\/20731\/revisions\/20733"}],"wp:featuredmedia":[{"embeddable":true,"href":"https:\/\/elmetidosv.com\/index.php?rest_route=\/wp\/v2\/media\/20732"}],"wp:attachment":[{"href":"https:\/\/elmetidosv.com\/index.php?rest_route=%2Fwp%2Fv2%2Fmedia&parent=20731"}],"wp:term":[{"taxonomy":"category","embeddable":true,"href":"https:\/\/elmetidosv.com\/index.php?rest_route=%2Fwp%2Fv2%2Fcategories&post=20731"},{"taxonomy":"post_tag","embeddable":true,"href":"https:\/\/elmetidosv.com\/index.php?rest_route=%2Fwp%2Fv2%2Ftags&post=20731"}],"curies":[{"name":"wp","href":"https:\/\/api.w.org\/{rel}","templated":true}]}}