{"id":20712,"date":"2022-09-23T12:20:27","date_gmt":"2022-09-23T18:20:27","guid":{"rendered":"http:\/\/elmetidosve.com\/?p=20712"},"modified":"2022-09-23T12:20:27","modified_gmt":"2022-09-23T18:20:27","slug":"capturan-a-sujeto-que-colaboraba-con-pandilleros","status":"publish","type":"post","link":"https:\/\/elmetidosv.com\/?p=20712","title":{"rendered":"Capturan a sujeto que colaboraba con pandilleros"},"content":{"rendered":"<p>Las tareas de seguridad p\u00fablica que se implementan en el marco del Plan Control Territorial, contin\u00faan siendo efectivas tras las \u00faltimas capturas que se registran en varios puntos del territorio nacional.<\/p>\n<p>En cant\u00f3n Chaguantique, del municipio de Puerto El Triunfo, Usulut\u00e1n, elementos de la Fuerza Armada Salvadore\u00f1a (FAES) ubicaron a un sujeto perfilado como colaborador de pandilla.<\/p>\n<p>Seg\u00fan el informe de las autoridades, este sujeto informaba a criminales de la Mara Salvatrucha (MS-13), sobre la presencia policial en la zona.<\/p>\n<p>Adem\u00e1s, cuenta con antecedentes por resistencia y agrupaciones il\u00edcitas, delitos por los cuales podr\u00eda pasar varios a\u00f1os en la c\u00e1rcel.<\/p>\n<p>Tambi\u00e9n las autoridades informan que este sujeto ha tratado de ocultar los tatuajes alusivos a la pandilla.<\/p>\n","protected":false},"excerpt":{"rendered":"<p>Las tareas de seguridad p\u00fablica que se implementan en el marco del Plan Control Territorial, contin\u00faan siendo efectivas tras las<\/p>\n","protected":false},"author":2,"featured_media":20713,"comment_status":"open","ping_status":"open","sticky":false,"template":"","format":"standard","meta":{"colormag_page_container_layout":"default_layout","colormag_page_sidebar_layout":"default_layout","footnotes":""},"categories":[1],"tags":[],"class_list":["post-20712","post","type-post","status-publish","format-standard","has-post-thumbnail","hentry","category-nacional"],"_links":{"self":[{"href":"https:\/\/elmetidosv.com\/index.php?rest_route=\/wp\/v2\/posts\/20712","targetHints":{"allow":["GET"]}}],"collection":[{"href":"https:\/\/elmetidosv.com\/index.php?rest_route=\/wp\/v2\/posts"}],"about":[{"href":"https:\/\/elmetidosv.com\/index.php?rest_route=\/wp\/v2\/types\/post"}],"author":[{"embeddable":true,"href":"https:\/\/elmetidosv.com\/index.php?rest_route=\/wp\/v2\/users\/2"}],"replies":[{"embeddable":true,"href":"https:\/\/elmetidosv.com\/index.php?rest_route=%2Fwp%2Fv2%2Fcomments&post=20712"}],"version-history":[{"count":1,"href":"https:\/\/elmetidosv.com\/index.php?rest_route=\/wp\/v2\/posts\/20712\/revisions"}],"predecessor-version":[{"id":20714,"href":"https:\/\/elmetidosv.com\/index.php?rest_route=\/wp\/v2\/posts\/20712\/revisions\/20714"}],"wp:featuredmedia":[{"embeddable":true,"href":"https:\/\/elmetidosv.com\/index.php?rest_route=\/wp\/v2\/media\/20713"}],"wp:attachment":[{"href":"https:\/\/elmetidosv.com\/index.php?rest_route=%2Fwp%2Fv2%2Fmedia&parent=20712"}],"wp:term":[{"taxonomy":"category","embeddable":true,"href":"https:\/\/elmetidosv.com\/index.php?rest_route=%2Fwp%2Fv2%2Fcategories&post=20712"},{"taxonomy":"post_tag","embeddable":true,"href":"https:\/\/elmetidosv.com\/index.php?rest_route=%2Fwp%2Fv2%2Ftags&post=20712"}],"curies":[{"name":"wp","href":"https:\/\/api.w.org\/{rel}","templated":true}]}}