{"id":20671,"date":"2022-09-21T17:54:06","date_gmt":"2022-09-21T23:54:06","guid":{"rendered":"http:\/\/elmetidosve.com\/?p=20671"},"modified":"2022-09-21T17:54:06","modified_gmt":"2022-09-21T23:54:06","slug":"capturan-a-pandillero-que-se-encargaba-de-extorsionar-a-comerciantes-de-soyapango","status":"publish","type":"post","link":"https:\/\/elmetidosv.com\/?p=20671","title":{"rendered":"Capturan a pandillero que se encargaba de extorsionar a comerciantes de Soyapango"},"content":{"rendered":"<p>Elementos de la Fuerza Armada Salvadore\u00f1a (FAES) ubicaron a un individuo perfilado como miembro de la pandilla 18 de la fracci\u00f3n Sure\u00f1os.<\/p>\n<p>De acuerdo con las autoridades, este sujeto era el encargado de extorsionar a comerciantes en el sector del centro comercial Plaza Mundo.<\/p>\n<p>La captura se llev\u00f3 a cabo en el municipio de Soyapango, en el marco del R\u00e9gimen de Excepci\u00f3n, medida implementada para combatir la criminalidad en el pa\u00eds.<\/p>\n<p>Adem\u00e1s, este pandillero ser\u00e1 puesto ante las autoridades por organizaciones il\u00edcitas y extorsi\u00f3n, delitos por el cual podr\u00eda permanecer d\u00e9cadas tras las rejas.<\/p>\n","protected":false},"excerpt":{"rendered":"<p>Elementos de la Fuerza Armada Salvadore\u00f1a (FAES) ubicaron a un individuo perfilado como miembro de la pandilla 18 de la<\/p>\n","protected":false},"author":2,"featured_media":20672,"comment_status":"open","ping_status":"open","sticky":false,"template":"","format":"standard","meta":{"colormag_page_container_layout":"default_layout","colormag_page_sidebar_layout":"default_layout","footnotes":""},"categories":[1],"tags":[],"class_list":["post-20671","post","type-post","status-publish","format-standard","has-post-thumbnail","hentry","category-nacional"],"_links":{"self":[{"href":"https:\/\/elmetidosv.com\/index.php?rest_route=\/wp\/v2\/posts\/20671","targetHints":{"allow":["GET"]}}],"collection":[{"href":"https:\/\/elmetidosv.com\/index.php?rest_route=\/wp\/v2\/posts"}],"about":[{"href":"https:\/\/elmetidosv.com\/index.php?rest_route=\/wp\/v2\/types\/post"}],"author":[{"embeddable":true,"href":"https:\/\/elmetidosv.com\/index.php?rest_route=\/wp\/v2\/users\/2"}],"replies":[{"embeddable":true,"href":"https:\/\/elmetidosv.com\/index.php?rest_route=%2Fwp%2Fv2%2Fcomments&post=20671"}],"version-history":[{"count":2,"href":"https:\/\/elmetidosv.com\/index.php?rest_route=\/wp\/v2\/posts\/20671\/revisions"}],"predecessor-version":[{"id":20674,"href":"https:\/\/elmetidosv.com\/index.php?rest_route=\/wp\/v2\/posts\/20671\/revisions\/20674"}],"wp:featuredmedia":[{"embeddable":true,"href":"https:\/\/elmetidosv.com\/index.php?rest_route=\/wp\/v2\/media\/20672"}],"wp:attachment":[{"href":"https:\/\/elmetidosv.com\/index.php?rest_route=%2Fwp%2Fv2%2Fmedia&parent=20671"}],"wp:term":[{"taxonomy":"category","embeddable":true,"href":"https:\/\/elmetidosv.com\/index.php?rest_route=%2Fwp%2Fv2%2Fcategories&post=20671"},{"taxonomy":"post_tag","embeddable":true,"href":"https:\/\/elmetidosv.com\/index.php?rest_route=%2Fwp%2Fv2%2Ftags&post=20671"}],"curies":[{"name":"wp","href":"https:\/\/api.w.org\/{rel}","templated":true}]}}