{"id":20469,"date":"2022-09-05T20:05:37","date_gmt":"2022-09-06T02:05:37","guid":{"rendered":"http:\/\/elmetidosve.com\/?p=20469"},"modified":"2022-09-05T20:05:37","modified_gmt":"2022-09-06T02:05:37","slug":"apolonio-tobar-genera-expectativas-al-acudir-a-entrevista-con-la-comision-politica","status":"publish","type":"post","link":"https:\/\/elmetidosv.com\/?p=20469","title":{"rendered":"APOLONIO TOBAR GENERA EXPECTATIVAS AL ACUDIR A ENTREVISTA CON LA COMISI\u00d3N POL\u00cdTICA."},"content":{"rendered":"<p><img loading=\"lazy\" decoding=\"async\" class=\"size-medium wp-image-20471 alignleft\" src=\"http:\/\/elmetidosve.com\/wp-content\/uploads\/2022\/09\/0000-12-218x300.jpg\" alt=\"\" width=\"218\" height=\"300\" srcset=\"https:\/\/elmetidosv.com\/wp-content\/uploads\/2022\/09\/0000-12-218x300.jpg 218w, https:\/\/elmetidosv.com\/wp-content\/uploads\/2022\/09\/0000-12.jpg 744w\" sizes=\"auto, (max-width: 218px) 100vw, 218px\" \/><\/p>\n<p>Este lunes comenz\u00f3 el proceso de entrevistas a los aspirantes a la titularidad de la Procuradur\u00eda para la defensa de los derechos humanos, en la Asamblea Legislativa.<\/p>\n<p>Fueron cinco candidatos a procuradores, quienes fueron recibidos en la comisi\u00f3n pol\u00edtica del congreso, para escuchar sus planteamientos y su visi\u00f3n acerca de la instituci\u00f3n, as\u00ed como tambi\u00e9n los retos y desaf\u00edos que cada uno de ellos tienen.<\/p>\n<p>Sin duda uno de los que gener\u00f3 mayores expectativas, fue el actual procurador, Apolonio Tobar, debido a su experiencia y desempe\u00f1o demostrado en los \u00faltimos tres a\u00f1os.<\/p>\n<p>Pese a que algunos diputados intentaron presionarlo, el funcionario supo responder con aplomo, paciencia y conocimiento cada una de las preguntas de los legisladores.<\/p>\n<p>Apolonio Tobar, cree que es importante seguir al frente de la instituci\u00f3n, para terminar de desarrollar un proyecto comenzado en los \u00faltimos a\u00f1os que pretende modernizar y hacer cambios radicales en la instituci\u00f3n, para que exista una mayor eficacia en la instituci\u00f3n para responder las necesidades de la poblaci\u00f3n salvadore\u00f1a.<\/p>\n<p><img loading=\"lazy\" decoding=\"async\" class=\"size-medium wp-image-20472 aligncenter\" src=\"http:\/\/elmetidosve.com\/wp-content\/uploads\/2022\/09\/0000-13-300x200.jpg\" alt=\"\" width=\"300\" height=\"200\" srcset=\"https:\/\/elmetidosv.com\/wp-content\/uploads\/2022\/09\/0000-13-300x200.jpg 300w, https:\/\/elmetidosv.com\/wp-content\/uploads\/2022\/09\/0000-13-768x512.jpg 768w, https:\/\/elmetidosv.com\/wp-content\/uploads\/2022\/09\/0000-13.jpg 1024w\" sizes=\"auto, (max-width: 300px) 100vw, 300px\" \/><\/p>\n<p>Algunos diputados de la Comisi\u00f3n pol\u00edtica, valoraron de muy importante la labor desempe\u00f1ada por el actual procurador, especialmente en el acompa\u00f1amiento de medidas que han permitido llevar m\u00e1s tranquilidad a la poblaci\u00f3n salvadore\u00f1a, sin descuidar los derechos de la poblaci\u00f3n.<\/p>\n<p>Para el pr\u00f3ximo lunes se espera que acudan cuatro funcionarios m\u00e1s que aspiran la titularidad de la Procuradur\u00eda, entre ellos la ex procuradora Raquel caballero de Guevara, quien por cierto mantiene una serie de acusaciones por una cadena de anomal\u00edas durante su gesti\u00f3n.<\/p>\n","protected":false},"excerpt":{"rendered":"<p>Este lunes comenz\u00f3 el proceso de entrevistas a los aspirantes a la titularidad de la Procuradur\u00eda para la defensa de<\/p>\n","protected":false},"author":2,"featured_media":20470,"comment_status":"open","ping_status":"open","sticky":false,"template":"","format":"standard","meta":{"colormag_page_container_layout":"default_layout","colormag_page_sidebar_layout":"default_layout","footnotes":""},"categories":[1],"tags":[],"class_list":["post-20469","post","type-post","status-publish","format-standard","has-post-thumbnail","hentry","category-nacional"],"_links":{"self":[{"href":"https:\/\/elmetidosv.com\/index.php?rest_route=\/wp\/v2\/posts\/20469","targetHints":{"allow":["GET"]}}],"collection":[{"href":"https:\/\/elmetidosv.com\/index.php?rest_route=\/wp\/v2\/posts"}],"about":[{"href":"https:\/\/elmetidosv.com\/index.php?rest_route=\/wp\/v2\/types\/post"}],"author":[{"embeddable":true,"href":"https:\/\/elmetidosv.com\/index.php?rest_route=\/wp\/v2\/users\/2"}],"replies":[{"embeddable":true,"href":"https:\/\/elmetidosv.com\/index.php?rest_route=%2Fwp%2Fv2%2Fcomments&post=20469"}],"version-history":[{"count":1,"href":"https:\/\/elmetidosv.com\/index.php?rest_route=\/wp\/v2\/posts\/20469\/revisions"}],"predecessor-version":[{"id":20473,"href":"https:\/\/elmetidosv.com\/index.php?rest_route=\/wp\/v2\/posts\/20469\/revisions\/20473"}],"wp:featuredmedia":[{"embeddable":true,"href":"https:\/\/elmetidosv.com\/index.php?rest_route=\/wp\/v2\/media\/20470"}],"wp:attachment":[{"href":"https:\/\/elmetidosv.com\/index.php?rest_route=%2Fwp%2Fv2%2Fmedia&parent=20469"}],"wp:term":[{"taxonomy":"category","embeddable":true,"href":"https:\/\/elmetidosv.com\/index.php?rest_route=%2Fwp%2Fv2%2Fcategories&post=20469"},{"taxonomy":"post_tag","embeddable":true,"href":"https:\/\/elmetidosv.com\/index.php?rest_route=%2Fwp%2Fv2%2Ftags&post=20469"}],"curies":[{"name":"wp","href":"https:\/\/api.w.org\/{rel}","templated":true}]}}