{"id":20431,"date":"2022-09-02T16:53:48","date_gmt":"2022-09-02T22:53:48","guid":{"rendered":"http:\/\/elmetidosve.com\/?p=20431"},"modified":"2022-09-02T16:53:48","modified_gmt":"2022-09-02T22:53:48","slug":"fallece-tito-flores-fundador-de-la-orquesta-san-vicente","status":"publish","type":"post","link":"https:\/\/elmetidosv.com\/?p=20431","title":{"rendered":"Fallece Tito Flores, fundador de la Orquesta San Vicente"},"content":{"rendered":"<p>La ma\u00f1ana de este viernes 2 de septiembre, falleci\u00f3 el l\u00edder y fundador de la Orquesta San Vicente, Ernesto Alejandro Rodr\u00edguez Flores, conocido mundialmente como \u201cTito Flores\u201d.<\/p>\n<p>Tito, quien era un destacado compositor, arreglista, m\u00fasico y director de orquestas, parti\u00f3 hacia el descanso eterno a la edad de 79 a\u00f1os.<\/p>\n<p>\u201cFalleci\u00f3 por causas naturales, en su residencia de San Salvador y al momento de su muerte se encontraba acompa\u00f1ado de su familia y personal m\u00e9dico que le atendieron durante su enfermedad\u201d, dijo la Orquesta San Vicente en un comunicado.<\/p>\n<p>\u201cSu Orquesta San Vicente continuar\u00e1 su legado art\u00edstico, bajo la organizaci\u00f3n de su esposa e hijos, y dirigida en los escenarios por su primog\u00e9nito Denys Flores, cargo que asumieron desde hace 7 a\u00f1os, cuando Don Tito Flores comenz\u00f3 a padecer problemas card\u00edacos\u201d, agreg\u00f3 la orquesta en el comunicado.<\/p>\n<p>Los resto del destacado artista salvadore\u00f1o ser\u00e1n velados esta noche en la funeraria \u00abCapillas Memoriales\u00bb, el d\u00eda de ma\u00f1ana en su casa de San Vicente, para despu\u00e9s, ser trasladado al cementerio \u00abSanta Fe\u00bb ubicado en la capital de la cumbia, tal y como era su voluntad.<\/p>\n","protected":false},"excerpt":{"rendered":"<p>La ma\u00f1ana de este viernes 2 de septiembre, falleci\u00f3 el l\u00edder y fundador de la Orquesta San Vicente, Ernesto Alejandro<\/p>\n","protected":false},"author":2,"featured_media":20432,"comment_status":"open","ping_status":"open","sticky":false,"template":"","format":"standard","meta":{"colormag_page_container_layout":"default_layout","colormag_page_sidebar_layout":"default_layout","footnotes":""},"categories":[1],"tags":[],"class_list":["post-20431","post","type-post","status-publish","format-standard","has-post-thumbnail","hentry","category-nacional"],"_links":{"self":[{"href":"https:\/\/elmetidosv.com\/index.php?rest_route=\/wp\/v2\/posts\/20431","targetHints":{"allow":["GET"]}}],"collection":[{"href":"https:\/\/elmetidosv.com\/index.php?rest_route=\/wp\/v2\/posts"}],"about":[{"href":"https:\/\/elmetidosv.com\/index.php?rest_route=\/wp\/v2\/types\/post"}],"author":[{"embeddable":true,"href":"https:\/\/elmetidosv.com\/index.php?rest_route=\/wp\/v2\/users\/2"}],"replies":[{"embeddable":true,"href":"https:\/\/elmetidosv.com\/index.php?rest_route=%2Fwp%2Fv2%2Fcomments&post=20431"}],"version-history":[{"count":1,"href":"https:\/\/elmetidosv.com\/index.php?rest_route=\/wp\/v2\/posts\/20431\/revisions"}],"predecessor-version":[{"id":20433,"href":"https:\/\/elmetidosv.com\/index.php?rest_route=\/wp\/v2\/posts\/20431\/revisions\/20433"}],"wp:featuredmedia":[{"embeddable":true,"href":"https:\/\/elmetidosv.com\/index.php?rest_route=\/wp\/v2\/media\/20432"}],"wp:attachment":[{"href":"https:\/\/elmetidosv.com\/index.php?rest_route=%2Fwp%2Fv2%2Fmedia&parent=20431"}],"wp:term":[{"taxonomy":"category","embeddable":true,"href":"https:\/\/elmetidosv.com\/index.php?rest_route=%2Fwp%2Fv2%2Fcategories&post=20431"},{"taxonomy":"post_tag","embeddable":true,"href":"https:\/\/elmetidosv.com\/index.php?rest_route=%2Fwp%2Fv2%2Ftags&post=20431"}],"curies":[{"name":"wp","href":"https:\/\/api.w.org\/{rel}","templated":true}]}}