{"id":20401,"date":"2022-08-31T18:34:02","date_gmt":"2022-09-01T00:34:02","guid":{"rendered":"http:\/\/elmetidosve.com\/?p=20401"},"modified":"2022-08-31T18:36:53","modified_gmt":"2022-09-01T00:36:53","slug":"expresentadora-de-tv-fallece-en-un-centro-comercial","status":"publish","type":"post","link":"https:\/\/elmetidosv.com\/?p=20401","title":{"rendered":"Expresentadora de TV fallece en un centro comercial"},"content":{"rendered":"<p><img decoding=\"async\" class=\"aligncenter\" src=\"https:\/\/pbs.twimg.com\/media\/FbfsNzOWQAMC_3c?format=jpg&amp;name=small\" \/><\/p>\n<p>La joven Mari\u00e1n Manzano, quien fue parte del elenco del programa Pop 12 y Bajo el Mar, fue encontrada muerta, la ma\u00f1ana de este mi\u00e9rcoles, en un centro comercial de San Salvador.<\/p>\n<p>Preliminarmente las autoridades han afirmado que podr\u00eda tratarse de un infarto, aunque las investigaciones est\u00e1n en curso.<\/p>\n<p>Manzano fue parte de Pop 12 en el a\u00f1o 2009 y luego fue parte del elenco del programa infantil \u00abBajo el Mar\u00bb, el cual sali\u00f3 el aire en 2013.<\/p>\n<p>En los \u00faltimos a\u00f1os, la joven se hab\u00eda alejado de las c\u00e1maras de televisi\u00f3n y se dedicaba a cuidar a su hijo.<\/p>\n","protected":false},"excerpt":{"rendered":"<p>La joven Mari\u00e1n Manzano, quien fue parte del elenco del programa Pop 12 y Bajo el Mar, fue encontrada muerta,<\/p>\n","protected":false},"author":2,"featured_media":20402,"comment_status":"open","ping_status":"open","sticky":false,"template":"","format":"standard","meta":{"colormag_page_container_layout":"default_layout","colormag_page_sidebar_layout":"default_layout","footnotes":""},"categories":[1],"tags":[],"class_list":["post-20401","post","type-post","status-publish","format-standard","has-post-thumbnail","hentry","category-nacional"],"_links":{"self":[{"href":"https:\/\/elmetidosv.com\/index.php?rest_route=\/wp\/v2\/posts\/20401","targetHints":{"allow":["GET"]}}],"collection":[{"href":"https:\/\/elmetidosv.com\/index.php?rest_route=\/wp\/v2\/posts"}],"about":[{"href":"https:\/\/elmetidosv.com\/index.php?rest_route=\/wp\/v2\/types\/post"}],"author":[{"embeddable":true,"href":"https:\/\/elmetidosv.com\/index.php?rest_route=\/wp\/v2\/users\/2"}],"replies":[{"embeddable":true,"href":"https:\/\/elmetidosv.com\/index.php?rest_route=%2Fwp%2Fv2%2Fcomments&post=20401"}],"version-history":[{"count":1,"href":"https:\/\/elmetidosv.com\/index.php?rest_route=\/wp\/v2\/posts\/20401\/revisions"}],"predecessor-version":[{"id":20403,"href":"https:\/\/elmetidosv.com\/index.php?rest_route=\/wp\/v2\/posts\/20401\/revisions\/20403"}],"wp:featuredmedia":[{"embeddable":true,"href":"https:\/\/elmetidosv.com\/index.php?rest_route=\/wp\/v2\/media\/20402"}],"wp:attachment":[{"href":"https:\/\/elmetidosv.com\/index.php?rest_route=%2Fwp%2Fv2%2Fmedia&parent=20401"}],"wp:term":[{"taxonomy":"category","embeddable":true,"href":"https:\/\/elmetidosv.com\/index.php?rest_route=%2Fwp%2Fv2%2Fcategories&post=20401"},{"taxonomy":"post_tag","embeddable":true,"href":"https:\/\/elmetidosv.com\/index.php?rest_route=%2Fwp%2Fv2%2Ftags&post=20401"}],"curies":[{"name":"wp","href":"https:\/\/api.w.org\/{rel}","templated":true}]}}