{"id":20342,"date":"2022-08-25T13:35:41","date_gmt":"2022-08-25T19:35:41","guid":{"rendered":"http:\/\/elmetidosve.com\/?p=20342"},"modified":"2022-08-25T13:41:57","modified_gmt":"2022-08-25T19:41:57","slug":"fuerte-accidente-de-transito-en-santa-tecla-2","status":"publish","type":"post","link":"https:\/\/elmetidosv.com\/?p=20342","title":{"rendered":"Fuerte accidente de tr\u00e1nsito en Santa Tecla"},"content":{"rendered":"<p>Una persona acab\u00f3 en el hospital tras sufrir un accidente de tr\u00e1nsito, a primera hora de este jueves, en el municipio de Santa Tecla, del departamento de La Libertad.<\/p>\n<p>En el siniestro vial se vieron involucrados un veh\u00edculo tipo sed\u00e1n particular y un microb\u00fas de la ruta 2LL que circula en Santa Tecla.<\/p>\n<p>De acuerdo con el informe, el accidente ocurri\u00f3 sobre la calle Chiltiup\u00e1n en el sentido que conduce hacia El Platillo, cerca de avenida Las Arboledas en Jardines de la Hacienda, en Merliot.<\/p>\n<p>Socorristas llegaron al lugar para brindarle las primeras atenciones a la v\u00edctima y luego la trasladaron hacia un centro m\u00e9dico.<\/p>\n<p>Oficiales de la Polic\u00eda Nacional Civil (PNC) tambi\u00e9n llegaron al lugar para indagar lo ocurrido y deducir responsabilidades.<\/p>\n","protected":false},"excerpt":{"rendered":"<p>Una persona acab\u00f3 en el hospital tras sufrir un accidente de tr\u00e1nsito, a primera hora de este jueves, en el<\/p>\n","protected":false},"author":2,"featured_media":20343,"comment_status":"open","ping_status":"open","sticky":false,"template":"","format":"standard","meta":{"colormag_page_container_layout":"default_layout","colormag_page_sidebar_layout":"default_layout","footnotes":""},"categories":[1],"tags":[],"class_list":["post-20342","post","type-post","status-publish","format-standard","has-post-thumbnail","hentry","category-nacional"],"_links":{"self":[{"href":"https:\/\/elmetidosv.com\/index.php?rest_route=\/wp\/v2\/posts\/20342","targetHints":{"allow":["GET"]}}],"collection":[{"href":"https:\/\/elmetidosv.com\/index.php?rest_route=\/wp\/v2\/posts"}],"about":[{"href":"https:\/\/elmetidosv.com\/index.php?rest_route=\/wp\/v2\/types\/post"}],"author":[{"embeddable":true,"href":"https:\/\/elmetidosv.com\/index.php?rest_route=\/wp\/v2\/users\/2"}],"replies":[{"embeddable":true,"href":"https:\/\/elmetidosv.com\/index.php?rest_route=%2Fwp%2Fv2%2Fcomments&post=20342"}],"version-history":[{"count":2,"href":"https:\/\/elmetidosv.com\/index.php?rest_route=\/wp\/v2\/posts\/20342\/revisions"}],"predecessor-version":[{"id":20345,"href":"https:\/\/elmetidosv.com\/index.php?rest_route=\/wp\/v2\/posts\/20342\/revisions\/20345"}],"wp:featuredmedia":[{"embeddable":true,"href":"https:\/\/elmetidosv.com\/index.php?rest_route=\/wp\/v2\/media\/20343"}],"wp:attachment":[{"href":"https:\/\/elmetidosv.com\/index.php?rest_route=%2Fwp%2Fv2%2Fmedia&parent=20342"}],"wp:term":[{"taxonomy":"category","embeddable":true,"href":"https:\/\/elmetidosv.com\/index.php?rest_route=%2Fwp%2Fv2%2Fcategories&post=20342"},{"taxonomy":"post_tag","embeddable":true,"href":"https:\/\/elmetidosv.com\/index.php?rest_route=%2Fwp%2Fv2%2Ftags&post=20342"}],"curies":[{"name":"wp","href":"https:\/\/api.w.org\/{rel}","templated":true}]}}