{"id":20278,"date":"2022-08-20T14:12:01","date_gmt":"2022-08-20T20:12:01","guid":{"rendered":"http:\/\/elmetidosve.com\/?p=20278"},"modified":"2022-08-20T14:26:49","modified_gmt":"2022-08-20T20:26:49","slug":"al-menos-16-personas-murieron-y-29-resultaron-heridas-cuando-un-camion-se-quedo-sin-frenos-en-turquia","status":"publish","type":"post","link":"https:\/\/elmetidosv.com\/?p=20278","title":{"rendered":"Al menos 16 personas murieron y 29 resultaron heridas cuando un cami\u00f3n se quedo sin frenos en Turqu\u00eda"},"content":{"rendered":"<p><img loading=\"lazy\" decoding=\"async\" class=\"size-full wp-image-20280 aligncenter\" src=\"http:\/\/elmetidosve.com\/wp-content\/uploads\/2022\/08\/283829941_960078777992257_8677516798578616755_n.jpg\" alt=\"\" width=\"275\" height=\"183\" \/><\/p>\n<p>Al menos 16 personas murieron y 29 resultaron heridas el s\u00e1bado cuando un cami\u00f3n que se hab\u00eda quedado sin frenos en Turqu\u00eda.<\/p>\n<p>De acuerdo con la informaci\u00f3n, el veh\u00edculo pesado present\u00f3 fallas en el sistema de frenos y arroll\u00f3 a una multitud en una ciudad del sudeste de Turqu\u00eda.<\/p>\n<p>\u00abDiecis\u00e9is personas perdieron la vida y 29 resultaron heridas, ocho de ellas de gravedad, en el accidente provocado por la ruptura de frenos de un cami\u00f3n que atropell\u00f3 a una multitud en Derik\u00bb, una localidad de la provincia de Mardin, precis\u00f3 en Twitter el ministro de Salud, Fahrettin Koca.<\/p>\n<p>&nbsp;<\/p>\n","protected":false},"excerpt":{"rendered":"<p>Al menos 16 personas murieron y 29 resultaron heridas el s\u00e1bado cuando un cami\u00f3n que se hab\u00eda quedado sin frenos<\/p>\n","protected":false},"author":2,"featured_media":20279,"comment_status":"open","ping_status":"open","sticky":false,"template":"","format":"standard","meta":{"colormag_page_container_layout":"default_layout","colormag_page_sidebar_layout":"default_layout","footnotes":""},"categories":[3],"tags":[],"class_list":["post-20278","post","type-post","status-publish","format-standard","has-post-thumbnail","hentry","category-internacional"],"_links":{"self":[{"href":"https:\/\/elmetidosv.com\/index.php?rest_route=\/wp\/v2\/posts\/20278","targetHints":{"allow":["GET"]}}],"collection":[{"href":"https:\/\/elmetidosv.com\/index.php?rest_route=\/wp\/v2\/posts"}],"about":[{"href":"https:\/\/elmetidosv.com\/index.php?rest_route=\/wp\/v2\/types\/post"}],"author":[{"embeddable":true,"href":"https:\/\/elmetidosv.com\/index.php?rest_route=\/wp\/v2\/users\/2"}],"replies":[{"embeddable":true,"href":"https:\/\/elmetidosv.com\/index.php?rest_route=%2Fwp%2Fv2%2Fcomments&post=20278"}],"version-history":[{"count":2,"href":"https:\/\/elmetidosv.com\/index.php?rest_route=\/wp\/v2\/posts\/20278\/revisions"}],"predecessor-version":[{"id":20283,"href":"https:\/\/elmetidosv.com\/index.php?rest_route=\/wp\/v2\/posts\/20278\/revisions\/20283"}],"wp:featuredmedia":[{"embeddable":true,"href":"https:\/\/elmetidosv.com\/index.php?rest_route=\/wp\/v2\/media\/20279"}],"wp:attachment":[{"href":"https:\/\/elmetidosv.com\/index.php?rest_route=%2Fwp%2Fv2%2Fmedia&parent=20278"}],"wp:term":[{"taxonomy":"category","embeddable":true,"href":"https:\/\/elmetidosv.com\/index.php?rest_route=%2Fwp%2Fv2%2Fcategories&post=20278"},{"taxonomy":"post_tag","embeddable":true,"href":"https:\/\/elmetidosv.com\/index.php?rest_route=%2Fwp%2Fv2%2Ftags&post=20278"}],"curies":[{"name":"wp","href":"https:\/\/api.w.org\/{rel}","templated":true}]}}