{"id":20257,"date":"2022-08-16T13:04:19","date_gmt":"2022-08-16T19:04:19","guid":{"rendered":"http:\/\/elmetidosve.com\/?p=20257"},"modified":"2022-08-16T13:04:19","modified_gmt":"2022-08-16T19:04:19","slug":"capturan-a-colaboradora-de-pandilleros-que-administraba-vehiculos-propiedad-de-los-terroristas","status":"publish","type":"post","link":"https:\/\/elmetidosv.com\/?p=20257","title":{"rendered":"Capturan a colaboradora de pandilleros que administraba veh\u00edculos propiedad de los terroristas"},"content":{"rendered":"<p>Una mujer de la tercera edad perfilada como colaboradora de pandilleros que administraba veh\u00edculos propiedad de los terroristas fue arrestada por agentes de la Polic\u00eda Nacional Civil (PNC), la tarde del lunes, en el departamento de San Salvador.<\/p>\n<p>Autoridades identificaron a la detenida como Maribel de Le\u00f3n, quien tambi\u00e9n es conocido con el alias de \u2018Menche\u2019.<\/p>\n<p>Su captura tuvo lugar en el municipio de Mejicanos, detallaron oficiales que participaron en el procedimiento.<\/p>\n<p>De acuerdo con el reporte, ella \u201cadministraba dos veh\u00edculos que hac\u00edan viajes en el cant\u00f3n San Roque para financiar los cr\u00edmenes de su estructura\u201d.<\/p>\n<p>La PNC asegur\u00f3 que los documentos de los veh\u00edculos est\u00e1n a nombre de la aprehendida, pero pertenecen al Barrio 18 de la facci\u00f3n Revolucionarios. Los automotores fueron incautados. \u201cSer\u00e1 puesta a orden de la justicia para que pague con c\u00e1rcel por el delito de agrupaciones il\u00edcitas\u201d, asegur\u00f3 la Polic\u00eda.<\/p>\n","protected":false},"excerpt":{"rendered":"<p>Una mujer de la tercera edad perfilada como colaboradora de pandilleros que administraba veh\u00edculos propiedad de los terroristas fue arrestada<\/p>\n","protected":false},"author":2,"featured_media":20258,"comment_status":"open","ping_status":"open","sticky":false,"template":"","format":"standard","meta":{"colormag_page_container_layout":"default_layout","colormag_page_sidebar_layout":"default_layout","footnotes":""},"categories":[1],"tags":[],"class_list":["post-20257","post","type-post","status-publish","format-standard","has-post-thumbnail","hentry","category-nacional"],"_links":{"self":[{"href":"https:\/\/elmetidosv.com\/index.php?rest_route=\/wp\/v2\/posts\/20257","targetHints":{"allow":["GET"]}}],"collection":[{"href":"https:\/\/elmetidosv.com\/index.php?rest_route=\/wp\/v2\/posts"}],"about":[{"href":"https:\/\/elmetidosv.com\/index.php?rest_route=\/wp\/v2\/types\/post"}],"author":[{"embeddable":true,"href":"https:\/\/elmetidosv.com\/index.php?rest_route=\/wp\/v2\/users\/2"}],"replies":[{"embeddable":true,"href":"https:\/\/elmetidosv.com\/index.php?rest_route=%2Fwp%2Fv2%2Fcomments&post=20257"}],"version-history":[{"count":1,"href":"https:\/\/elmetidosv.com\/index.php?rest_route=\/wp\/v2\/posts\/20257\/revisions"}],"predecessor-version":[{"id":20259,"href":"https:\/\/elmetidosv.com\/index.php?rest_route=\/wp\/v2\/posts\/20257\/revisions\/20259"}],"wp:featuredmedia":[{"embeddable":true,"href":"https:\/\/elmetidosv.com\/index.php?rest_route=\/wp\/v2\/media\/20258"}],"wp:attachment":[{"href":"https:\/\/elmetidosv.com\/index.php?rest_route=%2Fwp%2Fv2%2Fmedia&parent=20257"}],"wp:term":[{"taxonomy":"category","embeddable":true,"href":"https:\/\/elmetidosv.com\/index.php?rest_route=%2Fwp%2Fv2%2Fcategories&post=20257"},{"taxonomy":"post_tag","embeddable":true,"href":"https:\/\/elmetidosv.com\/index.php?rest_route=%2Fwp%2Fv2%2Ftags&post=20257"}],"curies":[{"name":"wp","href":"https:\/\/api.w.org\/{rel}","templated":true}]}}