{"id":20253,"date":"2022-08-10T16:35:28","date_gmt":"2022-08-10T22:35:28","guid":{"rendered":"http:\/\/elmetidosve.com\/?p=20253"},"modified":"2022-08-10T16:35:28","modified_gmt":"2022-08-10T22:35:28","slug":"guatemala-confirma-tercer-caso-positivo-de-viruela-del-mono","status":"publish","type":"post","link":"https:\/\/elmetidosv.com\/?p=20253","title":{"rendered":"Guatemala confirma tercer caso positivo de viruela del mono"},"content":{"rendered":"<p>Autoridades de Salud de Guatemala confirmaron un tercer caso positivo de la viruela del mono este mi\u00e9rcoles 10 de agosto.<\/p>\n<p>Funcionarios de ese pa\u00eds confirmaron que el tercer caso se trata de un guatemalteco residente en la ciudad de Guatemala y a quien se diagnostic\u00f3 positivo con una prueba PCR.<\/p>\n<p>El paciente tiene 38 a\u00f1os y se encuentra aislado y recibiendo tratamiento correspondiente.<\/p>\n<p>\u00abEl modo de contacto no var\u00eda, esta persona tuvo contacto estrecho con alguien contagiado. Hay que tener claro que esto se contagia con contacto estrecho, personas que comparten en espacios cerrado\u00bb, asegur\u00f3 el director del Laboratorio Nacional de Salud del vecino pa\u00eds.<\/p>\n<p>Adem\u00e1s, explic\u00f3 que este tipo de pacientes con el tratamiento adecuado deben aislarse entre 20 y 21 d\u00edas, o hasta que las lesiones en la piel se hayan secado completamente.<\/p>\n","protected":false},"excerpt":{"rendered":"<p>Autoridades de Salud de Guatemala confirmaron un tercer caso positivo de la viruela del mono este mi\u00e9rcoles 10 de agosto.<\/p>\n","protected":false},"author":2,"featured_media":20254,"comment_status":"open","ping_status":"open","sticky":false,"template":"","format":"standard","meta":{"colormag_page_container_layout":"default_layout","colormag_page_sidebar_layout":"default_layout","footnotes":""},"categories":[3],"tags":[],"class_list":["post-20253","post","type-post","status-publish","format-standard","has-post-thumbnail","hentry","category-internacional"],"_links":{"self":[{"href":"https:\/\/elmetidosv.com\/index.php?rest_route=\/wp\/v2\/posts\/20253","targetHints":{"allow":["GET"]}}],"collection":[{"href":"https:\/\/elmetidosv.com\/index.php?rest_route=\/wp\/v2\/posts"}],"about":[{"href":"https:\/\/elmetidosv.com\/index.php?rest_route=\/wp\/v2\/types\/post"}],"author":[{"embeddable":true,"href":"https:\/\/elmetidosv.com\/index.php?rest_route=\/wp\/v2\/users\/2"}],"replies":[{"embeddable":true,"href":"https:\/\/elmetidosv.com\/index.php?rest_route=%2Fwp%2Fv2%2Fcomments&post=20253"}],"version-history":[{"count":1,"href":"https:\/\/elmetidosv.com\/index.php?rest_route=\/wp\/v2\/posts\/20253\/revisions"}],"predecessor-version":[{"id":20255,"href":"https:\/\/elmetidosv.com\/index.php?rest_route=\/wp\/v2\/posts\/20253\/revisions\/20255"}],"wp:featuredmedia":[{"embeddable":true,"href":"https:\/\/elmetidosv.com\/index.php?rest_route=\/wp\/v2\/media\/20254"}],"wp:attachment":[{"href":"https:\/\/elmetidosv.com\/index.php?rest_route=%2Fwp%2Fv2%2Fmedia&parent=20253"}],"wp:term":[{"taxonomy":"category","embeddable":true,"href":"https:\/\/elmetidosv.com\/index.php?rest_route=%2Fwp%2Fv2%2Fcategories&post=20253"},{"taxonomy":"post_tag","embeddable":true,"href":"https:\/\/elmetidosv.com\/index.php?rest_route=%2Fwp%2Fv2%2Ftags&post=20253"}],"curies":[{"name":"wp","href":"https:\/\/api.w.org\/{rel}","templated":true}]}}