{"id":20182,"date":"2022-07-25T18:03:08","date_gmt":"2022-07-26T00:03:08","guid":{"rendered":"http:\/\/elmetidosve.com\/?p=20182"},"modified":"2022-07-25T18:03:08","modified_gmt":"2022-07-26T00:03:08","slug":"accidente-de-transito-cerca-de-la-alcaldia-de-san-salvador","status":"publish","type":"post","link":"https:\/\/elmetidosv.com\/?p=20182","title":{"rendered":"Accidente de transito cerca de la alcald\u00eda de San Salvador"},"content":{"rendered":"<p>Socorristas de Comandos de Salvamento auxiliaron al motorista de un cami\u00f3n que volc\u00f3 en la alameda Juan Pablo II, en San Salvador.<\/p>\n<p>El veh\u00edculo pesado volc\u00f3 en la intersecci\u00f3n de la octava avenida norte y la alameda Juan Pablo II, cerca de la alcald\u00eda de San Salvador.<\/p>\n<p>Aparentemente, el motorista se subi\u00f3 a los separadores del carril segregado del Sistema Integrado de Transporte de San Salvador (SITRAMSS) y eso provoc\u00f3 que volcara.<\/p>\n<p>El tr\u00e1fico en la zona est\u00e1 bloqueado en el carril segregado hasta que se remueva al veh\u00edculo accidentado.<\/p>\n","protected":false},"excerpt":{"rendered":"<p>Socorristas de Comandos de Salvamento auxiliaron al motorista de un cami\u00f3n que volc\u00f3 en la alameda Juan Pablo II, en<\/p>\n","protected":false},"author":2,"featured_media":20183,"comment_status":"open","ping_status":"open","sticky":false,"template":"","format":"standard","meta":{"colormag_page_container_layout":"default_layout","colormag_page_sidebar_layout":"default_layout","footnotes":""},"categories":[1],"tags":[],"class_list":["post-20182","post","type-post","status-publish","format-standard","has-post-thumbnail","hentry","category-nacional"],"_links":{"self":[{"href":"https:\/\/elmetidosv.com\/index.php?rest_route=\/wp\/v2\/posts\/20182","targetHints":{"allow":["GET"]}}],"collection":[{"href":"https:\/\/elmetidosv.com\/index.php?rest_route=\/wp\/v2\/posts"}],"about":[{"href":"https:\/\/elmetidosv.com\/index.php?rest_route=\/wp\/v2\/types\/post"}],"author":[{"embeddable":true,"href":"https:\/\/elmetidosv.com\/index.php?rest_route=\/wp\/v2\/users\/2"}],"replies":[{"embeddable":true,"href":"https:\/\/elmetidosv.com\/index.php?rest_route=%2Fwp%2Fv2%2Fcomments&post=20182"}],"version-history":[{"count":1,"href":"https:\/\/elmetidosv.com\/index.php?rest_route=\/wp\/v2\/posts\/20182\/revisions"}],"predecessor-version":[{"id":20184,"href":"https:\/\/elmetidosv.com\/index.php?rest_route=\/wp\/v2\/posts\/20182\/revisions\/20184"}],"wp:featuredmedia":[{"embeddable":true,"href":"https:\/\/elmetidosv.com\/index.php?rest_route=\/wp\/v2\/media\/20183"}],"wp:attachment":[{"href":"https:\/\/elmetidosv.com\/index.php?rest_route=%2Fwp%2Fv2%2Fmedia&parent=20182"}],"wp:term":[{"taxonomy":"category","embeddable":true,"href":"https:\/\/elmetidosv.com\/index.php?rest_route=%2Fwp%2Fv2%2Fcategories&post=20182"},{"taxonomy":"post_tag","embeddable":true,"href":"https:\/\/elmetidosv.com\/index.php?rest_route=%2Fwp%2Fv2%2Ftags&post=20182"}],"curies":[{"name":"wp","href":"https:\/\/api.w.org\/{rel}","templated":true}]}}