{"id":2007,"date":"2020-04-29T18:40:32","date_gmt":"2020-04-30T00:40:32","guid":{"rendered":"http:\/\/elmetidosve.com\/?p=2007"},"modified":"2020-04-29T18:40:40","modified_gmt":"2020-04-30T00:40:40","slug":"policias-unen-esfuerzos-para-retirar-arboles-caidos-que-bloquearon-la-carretera-hacia-tonacatepeque","status":"publish","type":"post","link":"https:\/\/elmetidosv.com\/?p=2007","title":{"rendered":"Polic\u00edas unen esfuerzos para retirar \u00e1rboles ca\u00eddos que bloquearon la carretera hacia Tonacatepeque"},"content":{"rendered":"\n<figure class=\"wp-block-gallery columns-3 is-cropped wp-block-gallery-1 is-layout-flex wp-block-gallery-is-layout-flex\"><ul class=\"blocks-gallery-grid\"><li class=\"blocks-gallery-item\"><figure><img loading=\"lazy\" decoding=\"async\" width=\"360\" height=\"194\" src=\"http:\/\/elmetidosve.com\/wp-content\/uploads\/2020\/04\/0000000000000000000000000-100.jpg\" alt=\"\" data-id=\"2008\" data-full-url=\"http:\/\/elmetidosve.com\/wp-content\/uploads\/2020\/04\/0000000000000000000000000-100.jpg\" data-link=\"http:\/\/elmetidosve.com\/?attachment_id=2008\" class=\"wp-image-2008\" srcset=\"https:\/\/elmetidosv.com\/wp-content\/uploads\/2020\/04\/0000000000000000000000000-100.jpg 360w, https:\/\/elmetidosv.com\/wp-content\/uploads\/2020\/04\/0000000000000000000000000-100-300x162.jpg 300w\" sizes=\"auto, (max-width: 360px) 100vw, 360px\" \/><\/figure><\/li><li class=\"blocks-gallery-item\"><figure><img loading=\"lazy\" decoding=\"async\" width=\"360\" height=\"215\" src=\"http:\/\/elmetidosve.com\/wp-content\/uploads\/2020\/04\/000000000000000000-100.jpg\" alt=\"\" data-id=\"2009\" data-full-url=\"http:\/\/elmetidosve.com\/wp-content\/uploads\/2020\/04\/000000000000000000-100.jpg\" data-link=\"http:\/\/elmetidosve.com\/?attachment_id=2009\" class=\"wp-image-2009\" srcset=\"https:\/\/elmetidosv.com\/wp-content\/uploads\/2020\/04\/000000000000000000-100.jpg 360w, https:\/\/elmetidosv.com\/wp-content\/uploads\/2020\/04\/000000000000000000-100-300x179.jpg 300w\" sizes=\"auto, (max-width: 360px) 100vw, 360px\" \/><\/figure><\/li><li class=\"blocks-gallery-item\"><figure><img loading=\"lazy\" decoding=\"async\" width=\"360\" height=\"183\" src=\"http:\/\/elmetidosve.com\/wp-content\/uploads\/2020\/04\/000000000000000-82.jpg\" alt=\"\" data-id=\"2010\" data-full-url=\"http:\/\/elmetidosve.com\/wp-content\/uploads\/2020\/04\/000000000000000-82.jpg\" data-link=\"http:\/\/elmetidosve.com\/?attachment_id=2010\" class=\"wp-image-2010\" srcset=\"https:\/\/elmetidosv.com\/wp-content\/uploads\/2020\/04\/000000000000000-82.jpg 360w, https:\/\/elmetidosv.com\/wp-content\/uploads\/2020\/04\/000000000000000-82-300x153.jpg 300w\" sizes=\"auto, (max-width: 360px) 100vw, 360px\" \/><\/figure><\/li><\/ul><\/figure>\n\n\n\n<p>Un grupo de agentes de la Polic\u00eda Nacional Civil (PNC) de la delegaci\u00f3n del municipio de Apopa, unieron sus esfuerzos para retirar los escombros de dos \u00e1rboles que cayeron sobre la carreta que conduce hacia Tonacatepeque, en San Salvador.<\/p>\n\n\n\n<p>De acuerdo al informe, los polic\u00edas corresponden a la Secci\u00f3n T\u00e1ctica Operativa (STO) quienes habilitaron el paso vehicular luego que la carretera se mantuvo bloqueada debido a los \u00e1rboles que se encontraban sobre la v\u00eda.<\/p>\n\n\n\n<p>Por el momento, las autoridades no reportan personas lesionadas producto de este suceso y no se descarta que la acumulaci\u00f3n de humedad en la tierra sea la causante  que los \u00e1rboles cayeran.<\/p>\n\n\n\n<p>En otro hecho, debido a una alerta ciudadana, la PNC de Ahuachap\u00e1n, rescat\u00f3 a una beb\u00e9 de aproximadamente 4 meses de edad, que fue abandonada en la colonia Santa ,Mar\u00eda en dicho departamento.  <\/p>\n\n\n\n<p>De momento, se conoci\u00f3 que no se dio con el paradero de ning\u00fan familiar de la reci\u00e9n nacida, por lo que fue llevada a la Unidad de Salud para un chequeo m\u00e9dico y posteriormente ser\u00e1 referida al Hogar San Vicente de Paul, en San Salvador.<\/p>\n\n\n\n<p>Con estas acciones, la cooperaci\u00f3n policial pone en manifiesto el esp\u00edritu servicial ante la poblaci\u00f3n salvadore\u00f1a sin descuidar las tareas de seguridad p\u00fablica en el marco del Plan Control Territorial.  <\/p>\n","protected":false},"excerpt":{"rendered":"<p>Un grupo de agentes de la Polic\u00eda Nacional Civil (PNC) de la delegaci\u00f3n del municipio de Apopa, unieron sus esfuerzos<\/p>\n","protected":false},"author":1,"featured_media":2008,"comment_status":"open","ping_status":"open","sticky":false,"template":"","format":"standard","meta":{"colormag_page_container_layout":"default_layout","colormag_page_sidebar_layout":"default_layout","footnotes":""},"categories":[1],"tags":[],"class_list":["post-2007","post","type-post","status-publish","format-standard","has-post-thumbnail","hentry","category-nacional"],"_links":{"self":[{"href":"https:\/\/elmetidosv.com\/index.php?rest_route=\/wp\/v2\/posts\/2007","targetHints":{"allow":["GET"]}}],"collection":[{"href":"https:\/\/elmetidosv.com\/index.php?rest_route=\/wp\/v2\/posts"}],"about":[{"href":"https:\/\/elmetidosv.com\/index.php?rest_route=\/wp\/v2\/types\/post"}],"author":[{"embeddable":true,"href":"https:\/\/elmetidosv.com\/index.php?rest_route=\/wp\/v2\/users\/1"}],"replies":[{"embeddable":true,"href":"https:\/\/elmetidosv.com\/index.php?rest_route=%2Fwp%2Fv2%2Fcomments&post=2007"}],"version-history":[{"count":1,"href":"https:\/\/elmetidosv.com\/index.php?rest_route=\/wp\/v2\/posts\/2007\/revisions"}],"predecessor-version":[{"id":2011,"href":"https:\/\/elmetidosv.com\/index.php?rest_route=\/wp\/v2\/posts\/2007\/revisions\/2011"}],"wp:featuredmedia":[{"embeddable":true,"href":"https:\/\/elmetidosv.com\/index.php?rest_route=\/wp\/v2\/media\/2008"}],"wp:attachment":[{"href":"https:\/\/elmetidosv.com\/index.php?rest_route=%2Fwp%2Fv2%2Fmedia&parent=2007"}],"wp:term":[{"taxonomy":"category","embeddable":true,"href":"https:\/\/elmetidosv.com\/index.php?rest_route=%2Fwp%2Fv2%2Fcategories&post=2007"},{"taxonomy":"post_tag","embeddable":true,"href":"https:\/\/elmetidosv.com\/index.php?rest_route=%2Fwp%2Fv2%2Ftags&post=2007"}],"curies":[{"name":"wp","href":"https:\/\/api.w.org\/{rel}","templated":true}]}}