{"id":20034,"date":"2022-07-06T16:16:40","date_gmt":"2022-07-06T22:16:40","guid":{"rendered":"http:\/\/elmetidosve.com\/?p=20034"},"modified":"2022-07-06T16:16:40","modified_gmt":"2022-07-06T22:16:40","slug":"fuerza-armada-ayuda-a-familia-afectada-por-caida-de-un-arbol-en-su-vivienda-en-tecoluca","status":"publish","type":"post","link":"https:\/\/elmetidosv.com\/?p=20034","title":{"rendered":"Fuerza Armada ayuda a familia afectada por ca\u00edda de un \u00e1rbol en su vivienda en Tecoluca"},"content":{"rendered":"<p><img loading=\"lazy\" decoding=\"async\" class=\"\" src=\"https:\/\/elblog.com\/inicio\/wp-content\/uploads\/2022\/07\/image-98.png\" width=\"324\" height=\"243\" \/><img loading=\"lazy\" decoding=\"async\" class=\"\" src=\"https:\/\/elblog.com\/inicio\/wp-content\/uploads\/2022\/07\/image-99.png\" width=\"320\" height=\"241\" \/><\/p>\n<p>Una familia afectada por la ca\u00edda de un \u00e1rbol en su vivienda recibi\u00f3 el apoyo de efectivos de la Fuerza Armada y de los equipos t\u00e1cticos de Protecci\u00f3n Civil.<\/p>\n<p>Debido a las intensas lluvias, un \u00e1rbol de gran tama\u00f1o cay\u00f3 sobre una vivienda en el kil\u00f3metro 70 de la carretera Litoral, cant\u00f3n El Arco, jurisdicci\u00f3n de Tecoluca, San Vicente.<\/p>\n<p>Los efectivos de la Fuerza Armada removieron las ramas del \u00e1rbol de gran tama\u00f1o que cayeron sobre el inmueble, da\u00f1ando el techo del mismo.<\/p>\n<p>En la actualidad se mantienen alertas estratificadas en todo el pa\u00eds debido a la vulnerabilidad persistente por las condiciones clim\u00e1ticas.<\/p>\n","protected":false},"excerpt":{"rendered":"<p>Una familia afectada por la ca\u00edda de un \u00e1rbol en su vivienda recibi\u00f3 el apoyo de efectivos de la Fuerza<\/p>\n","protected":false},"author":2,"featured_media":20035,"comment_status":"open","ping_status":"open","sticky":false,"template":"","format":"standard","meta":{"colormag_page_container_layout":"default_layout","colormag_page_sidebar_layout":"default_layout","footnotes":""},"categories":[1],"tags":[],"class_list":["post-20034","post","type-post","status-publish","format-standard","has-post-thumbnail","hentry","category-nacional"],"_links":{"self":[{"href":"https:\/\/elmetidosv.com\/index.php?rest_route=\/wp\/v2\/posts\/20034","targetHints":{"allow":["GET"]}}],"collection":[{"href":"https:\/\/elmetidosv.com\/index.php?rest_route=\/wp\/v2\/posts"}],"about":[{"href":"https:\/\/elmetidosv.com\/index.php?rest_route=\/wp\/v2\/types\/post"}],"author":[{"embeddable":true,"href":"https:\/\/elmetidosv.com\/index.php?rest_route=\/wp\/v2\/users\/2"}],"replies":[{"embeddable":true,"href":"https:\/\/elmetidosv.com\/index.php?rest_route=%2Fwp%2Fv2%2Fcomments&post=20034"}],"version-history":[{"count":1,"href":"https:\/\/elmetidosv.com\/index.php?rest_route=\/wp\/v2\/posts\/20034\/revisions"}],"predecessor-version":[{"id":20036,"href":"https:\/\/elmetidosv.com\/index.php?rest_route=\/wp\/v2\/posts\/20034\/revisions\/20036"}],"wp:featuredmedia":[{"embeddable":true,"href":"https:\/\/elmetidosv.com\/index.php?rest_route=\/wp\/v2\/media\/20035"}],"wp:attachment":[{"href":"https:\/\/elmetidosv.com\/index.php?rest_route=%2Fwp%2Fv2%2Fmedia&parent=20034"}],"wp:term":[{"taxonomy":"category","embeddable":true,"href":"https:\/\/elmetidosv.com\/index.php?rest_route=%2Fwp%2Fv2%2Fcategories&post=20034"},{"taxonomy":"post_tag","embeddable":true,"href":"https:\/\/elmetidosv.com\/index.php?rest_route=%2Fwp%2Fv2%2Ftags&post=20034"}],"curies":[{"name":"wp","href":"https:\/\/api.w.org\/{rel}","templated":true}]}}