{"id":2002,"date":"2020-04-29T12:13:57","date_gmt":"2020-04-29T18:13:57","guid":{"rendered":"http:\/\/elmetidosve.com\/?p=2002"},"modified":"2020-04-29T12:14:05","modified_gmt":"2020-04-29T18:14:05","slug":"mapfre-dona-insumos-medicos-valorados-en-500-mil-para-enfrentar-emergencia-por-covid-19","status":"publish","type":"post","link":"https:\/\/elmetidosv.com\/?p=2002","title":{"rendered":"MAPFRE dona insumos m\u00e9dicos valorados en $500 mil para enfrentar emergencia por COVID-19"},"content":{"rendered":"\n<figure class=\"wp-block-image\"><img decoding=\"async\" src=\"https:\/\/elblog.com\/inicio\/wp-content\/uploads\/2020\/04\/MP-970x463.jpg\" alt=\"\"\/><\/figure>\n\n\n\n<p>El Gobierno del presidente de la Rep\u00fablica, Nayib Bukele, recibi\u00f3 este mi\u00e9rcoles un importante donativo de insumos m\u00e9dicos por parte de Fundaci\u00f3n MAPFRE, una muestra m\u00e1s del apoyo y solidaridad de diferentes sectores del pa\u00eds en la lucha contra la pandemia del COVID-19.<\/p>\n\n\n\n<p>Dicho donativo supera los $500 mil y consiste en 150 mil mascarillas N95, 82 mil kits de test de detecci\u00f3n de COVID-19 y dos prototipos del respirador \u201copen ventilador\u201d. Los insumos se utilizar\u00e1n para proteger al personal de salud que batalla en la \u201cprimera l\u00ednea\u201d contra la pandemia.<\/p>\n\n\n\n<p>\u201cLa prioridad es apoyar y proteger a los m\u00e1s vulnerables y a quienes luchan contra el COVID-19 en la primera l\u00ednea. Se han movilizado recursos extraordinarios para contribuir a la salida de esta crisis en menos tiempo\u201d, dice Jos\u00e9 Smart, vicepresidente de Fundaci\u00f3n MAPFRE.<\/p>\n\n\n\n<p>Por su parte, el viceministro de Salud, Carlos Alvarenga, detall\u00f3 que el donativo es muy importante porque servir\u00e1 para proteger la salud de m\u00e9dicos y enfermeras, as\u00ed como para salvar vidas de salvadore\u00f1os.<\/p>\n\n\n\n<p>\u201cEs un esfuerzo m\u00e1s de la empresa privada y una gran muestra de responsabilidad social. Este donativo es transcendental porque proteger\u00e1 al recurso humano que est\u00e1 en la l\u00ednea de batalla de atenci\u00f3n del COVID-19\u201d, asegur\u00f3 el viceministro de Salud.<\/p>\n\n\n\n<p>Las autoridades detallaron que gracias a las gestiones del Gobierno del Presidente Bukele y a la red de empresas solidarias, como MAPFRE, cada d\u00eda se suman m\u00e1s cooperaci\u00f3n para dar apoyo y contribuir a suplir las necesidades de la \u201cprimera l\u00ednea\u201d contra el virus y de todos los salvadore\u00f1os ante la pandemia.<\/p>\n","protected":false},"excerpt":{"rendered":"<p>El Gobierno del presidente de la Rep\u00fablica, Nayib Bukele, recibi\u00f3 este mi\u00e9rcoles un importante donativo de insumos m\u00e9dicos por parte<\/p>\n","protected":false},"author":1,"featured_media":2003,"comment_status":"open","ping_status":"open","sticky":false,"template":"","format":"standard","meta":{"colormag_page_container_layout":"default_layout","colormag_page_sidebar_layout":"default_layout","footnotes":""},"categories":[1],"tags":[],"class_list":["post-2002","post","type-post","status-publish","format-standard","has-post-thumbnail","hentry","category-nacional"],"_links":{"self":[{"href":"https:\/\/elmetidosv.com\/index.php?rest_route=\/wp\/v2\/posts\/2002","targetHints":{"allow":["GET"]}}],"collection":[{"href":"https:\/\/elmetidosv.com\/index.php?rest_route=\/wp\/v2\/posts"}],"about":[{"href":"https:\/\/elmetidosv.com\/index.php?rest_route=\/wp\/v2\/types\/post"}],"author":[{"embeddable":true,"href":"https:\/\/elmetidosv.com\/index.php?rest_route=\/wp\/v2\/users\/1"}],"replies":[{"embeddable":true,"href":"https:\/\/elmetidosv.com\/index.php?rest_route=%2Fwp%2Fv2%2Fcomments&post=2002"}],"version-history":[{"count":1,"href":"https:\/\/elmetidosv.com\/index.php?rest_route=\/wp\/v2\/posts\/2002\/revisions"}],"predecessor-version":[{"id":2004,"href":"https:\/\/elmetidosv.com\/index.php?rest_route=\/wp\/v2\/posts\/2002\/revisions\/2004"}],"wp:featuredmedia":[{"embeddable":true,"href":"https:\/\/elmetidosv.com\/index.php?rest_route=\/wp\/v2\/media\/2003"}],"wp:attachment":[{"href":"https:\/\/elmetidosv.com\/index.php?rest_route=%2Fwp%2Fv2%2Fmedia&parent=2002"}],"wp:term":[{"taxonomy":"category","embeddable":true,"href":"https:\/\/elmetidosv.com\/index.php?rest_route=%2Fwp%2Fv2%2Fcategories&post=2002"},{"taxonomy":"post_tag","embeddable":true,"href":"https:\/\/elmetidosv.com\/index.php?rest_route=%2Fwp%2Fv2%2Ftags&post=2002"}],"curies":[{"name":"wp","href":"https:\/\/api.w.org\/{rel}","templated":true}]}}