{"id":19873,"date":"2022-06-20T17:14:26","date_gmt":"2022-06-20T23:14:26","guid":{"rendered":"http:\/\/elmetidosve.com\/?p=19873"},"modified":"2022-06-20T17:14:26","modified_gmt":"2022-06-20T23:14:26","slug":"recapturan-a-pandillero-que-quedaria-libre-tras-cumplir-su-condena","status":"publish","type":"post","link":"https:\/\/elmetidosv.com\/?p=19873","title":{"rendered":"Recapturan a pandillero que quedar\u00eda libre tras cumplir su condena"},"content":{"rendered":"<p>Solo dio un paso afuera del penal y lo volvieron a capturar\u2026 la ma\u00f1ana de este lunes, las autoridades de Seguridad capturaron a un peligroso pandillero que quedar\u00eda en libertad tras cumplir su condena.<\/p>\n<p>El pandillero recapturado es Kevin Flores, alias \u00abFantasma\u00bb, de la pandilla 18 Sure\u00f1os, quien iba a salir en libertad, pero gracias a la implementaci\u00f3n del r\u00e9gimen de excepci\u00f3n fue devuelto al penal por el delito de agrupaciones il\u00edcitas.<\/p>\n<p>\u201cEl terrorista Kevin Flores alias \u00abFantasma\u00bb de la pandilla 18 sure\u00f1os iba a salir en libertad, pero tras gestionar con las autoridades, fue recapturado por agrupaciones il\u00edcitas afuera del centro penal. Ning\u00fan criminal podr\u00e1 regresar a delinquir en las calles\u201d, dijo el director de Centros Penales, Osiris Luna.<\/p>\n<p>La cifra de pandilleros detenidos en El Salvador durante el r\u00e9gimen de excepci\u00f3n asciende a m\u00e1s de 41,300, seg\u00fan los datos publicadas este lunes por la ma\u00f1ana por el Ministerio de Seguridad.<\/p>\n","protected":false},"excerpt":{"rendered":"<p>Solo dio un paso afuera del penal y lo volvieron a capturar\u2026 la ma\u00f1ana de este lunes, las autoridades de<\/p>\n","protected":false},"author":2,"featured_media":19874,"comment_status":"open","ping_status":"open","sticky":false,"template":"","format":"standard","meta":{"colormag_page_container_layout":"default_layout","colormag_page_sidebar_layout":"default_layout","footnotes":""},"categories":[1],"tags":[],"class_list":["post-19873","post","type-post","status-publish","format-standard","has-post-thumbnail","hentry","category-nacional"],"_links":{"self":[{"href":"https:\/\/elmetidosv.com\/index.php?rest_route=\/wp\/v2\/posts\/19873","targetHints":{"allow":["GET"]}}],"collection":[{"href":"https:\/\/elmetidosv.com\/index.php?rest_route=\/wp\/v2\/posts"}],"about":[{"href":"https:\/\/elmetidosv.com\/index.php?rest_route=\/wp\/v2\/types\/post"}],"author":[{"embeddable":true,"href":"https:\/\/elmetidosv.com\/index.php?rest_route=\/wp\/v2\/users\/2"}],"replies":[{"embeddable":true,"href":"https:\/\/elmetidosv.com\/index.php?rest_route=%2Fwp%2Fv2%2Fcomments&post=19873"}],"version-history":[{"count":1,"href":"https:\/\/elmetidosv.com\/index.php?rest_route=\/wp\/v2\/posts\/19873\/revisions"}],"predecessor-version":[{"id":19875,"href":"https:\/\/elmetidosv.com\/index.php?rest_route=\/wp\/v2\/posts\/19873\/revisions\/19875"}],"wp:featuredmedia":[{"embeddable":true,"href":"https:\/\/elmetidosv.com\/index.php?rest_route=\/wp\/v2\/media\/19874"}],"wp:attachment":[{"href":"https:\/\/elmetidosv.com\/index.php?rest_route=%2Fwp%2Fv2%2Fmedia&parent=19873"}],"wp:term":[{"taxonomy":"category","embeddable":true,"href":"https:\/\/elmetidosv.com\/index.php?rest_route=%2Fwp%2Fv2%2Fcategories&post=19873"},{"taxonomy":"post_tag","embeddable":true,"href":"https:\/\/elmetidosv.com\/index.php?rest_route=%2Fwp%2Fv2%2Ftags&post=19873"}],"curies":[{"name":"wp","href":"https:\/\/api.w.org\/{rel}","templated":true}]}}