{"id":19805,"date":"2022-06-08T18:52:25","date_gmt":"2022-06-09T00:52:25","guid":{"rendered":"http:\/\/elmetidosve.com\/?p=19805"},"modified":"2022-06-08T18:52:25","modified_gmt":"2022-06-09T00:52:25","slug":"inicia-demolicion-de-la-escuela-militar-para-construir-el-nuevo-estadio-nacional-de-el-salvador","status":"publish","type":"post","link":"https:\/\/elmetidosv.com\/?p=19805","title":{"rendered":"Inicia demolici\u00f3n de la Escuela Militar para construir el nuevo Estadio Nacional de El Salvador"},"content":{"rendered":"<p>Este mi\u00e9rcoles comenzaron los trabajos de demolici\u00f3n de las instalaciones de la Escuela Militar Capit\u00e1n General Gerardo Barrios.<\/p>\n<p>De acuerdo con la informaci\u00f3n, la infraestructura aloj\u00f3 a la Escuela Militar desde 1991 hasta este a\u00f1o 2022, ubicada entre la Avenida Jerusal\u00e9n y calle Chiltiup\u00e1n, Antiguo Cuscatl\u00e1n.<\/p>\n<p>A trav\u00e9s de su p\u00e1gina de Facebook, el Presidente Nayib Bukele inform\u00f3 que la Escuela Militar ser\u00e1 trasladada a un nuevo campus, mucho m\u00e1s grande y moderno.<\/p>\n<p>\u00abTendremos un estadio de primer mundo, fruto de las buenas relaciones con la Rep\u00fablica Popular China. Ser\u00e1, por mucho, el mejor estadio de la regi\u00f3n\u00bb, agreg\u00f3 el mandatario.<\/p>\n<p>El nuevo Estadio Nacional de El Salvador que tendr\u00e1 capacidad para 50,000 aficionados, todos en butacas (el Cuscatl\u00e1n tiene capacidad para 34,000).<\/p>\n","protected":false},"excerpt":{"rendered":"<p>Este mi\u00e9rcoles comenzaron los trabajos de demolici\u00f3n de las instalaciones de la Escuela Militar Capit\u00e1n General Gerardo Barrios. De acuerdo<\/p>\n","protected":false},"author":2,"featured_media":0,"comment_status":"open","ping_status":"open","sticky":false,"template":"","format":"standard","meta":{"colormag_page_container_layout":"default_layout","colormag_page_sidebar_layout":"default_layout","footnotes":""},"categories":[1],"tags":[],"class_list":["post-19805","post","type-post","status-publish","format-standard","hentry","category-nacional"],"_links":{"self":[{"href":"https:\/\/elmetidosv.com\/index.php?rest_route=\/wp\/v2\/posts\/19805","targetHints":{"allow":["GET"]}}],"collection":[{"href":"https:\/\/elmetidosv.com\/index.php?rest_route=\/wp\/v2\/posts"}],"about":[{"href":"https:\/\/elmetidosv.com\/index.php?rest_route=\/wp\/v2\/types\/post"}],"author":[{"embeddable":true,"href":"https:\/\/elmetidosv.com\/index.php?rest_route=\/wp\/v2\/users\/2"}],"replies":[{"embeddable":true,"href":"https:\/\/elmetidosv.com\/index.php?rest_route=%2Fwp%2Fv2%2Fcomments&post=19805"}],"version-history":[{"count":1,"href":"https:\/\/elmetidosv.com\/index.php?rest_route=\/wp\/v2\/posts\/19805\/revisions"}],"predecessor-version":[{"id":19807,"href":"https:\/\/elmetidosv.com\/index.php?rest_route=\/wp\/v2\/posts\/19805\/revisions\/19807"}],"wp:attachment":[{"href":"https:\/\/elmetidosv.com\/index.php?rest_route=%2Fwp%2Fv2%2Fmedia&parent=19805"}],"wp:term":[{"taxonomy":"category","embeddable":true,"href":"https:\/\/elmetidosv.com\/index.php?rest_route=%2Fwp%2Fv2%2Fcategories&post=19805"},{"taxonomy":"post_tag","embeddable":true,"href":"https:\/\/elmetidosv.com\/index.php?rest_route=%2Fwp%2Fv2%2Ftags&post=19805"}],"curies":[{"name":"wp","href":"https:\/\/api.w.org\/{rel}","templated":true}]}}