{"id":19782,"date":"2022-06-07T21:31:45","date_gmt":"2022-06-08T03:31:45","guid":{"rendered":"http:\/\/elmetidosve.com\/?p=19782"},"modified":"2022-06-07T21:31:45","modified_gmt":"2022-06-08T03:31:45","slug":"encuentran-altar-satanico-en-vivienda-de-pandillero-en-cuscatlan","status":"publish","type":"post","link":"https:\/\/elmetidosv.com\/?p=19782","title":{"rendered":"ENCUENTRAN ALTAR SATANICO EN VIVIENDA DE PANDILLERO EN CUSCATL\u00c1N"},"content":{"rendered":"<p>&nbsp;<\/p>\n<p><img loading=\"lazy\" decoding=\"async\" class=\" wp-image-19783 aligncenter\" src=\"http:\/\/elmetidosve.com\/wp-content\/uploads\/2022\/06\/000000-300x180.jpg\" alt=\"\" width=\"720\" height=\"432\" srcset=\"https:\/\/elmetidosv.com\/wp-content\/uploads\/2022\/06\/000000-300x180.jpg 300w, https:\/\/elmetidosv.com\/wp-content\/uploads\/2022\/06\/000000.jpg 730w\" sizes=\"auto, (max-width: 720px) 100vw, 720px\" \/><\/p>\n<p>&nbsp;<\/p>\n<p><span class=\"css-901oao css-16my406 r-poiln3 r-bcqeeo r-qvutc0\">La<a class=\"css-4rbku5 css-18t94o4 css-901oao css-16my406 r-1cvl2hr r-1loqt21 r-poiln3 r-bcqeeo r-qvutc0\" dir=\"ltr\" role=\"link\" href=\"https:\/\/twitter.com\/PNCSV\">@PNCSV<\/a><\/span><span class=\"css-901oao css-16my406 r-poiln3 r-bcqeeo r-qvutc0\"> captur\u00f3 a Gustavo Mois\u00e9s Gabriel, quien posee antecedentes delictivos desde 2016 por: Intento de homicidio y Agrupaciones il\u00edcitas. En su vivienda se encontr\u00f3 un altar sat\u00e1nico.<\/span><\/p>\n<p><img loading=\"lazy\" decoding=\"async\" class=\" wp-image-19784 aligncenter\" src=\"http:\/\/elmetidosve.com\/wp-content\/uploads\/2022\/06\/00000-300x222.jpg\" alt=\"\" width=\"739\" height=\"547\" srcset=\"https:\/\/elmetidosv.com\/wp-content\/uploads\/2022\/06\/00000-300x222.jpg 300w, https:\/\/elmetidosv.com\/wp-content\/uploads\/2022\/06\/00000.jpg 656w\" sizes=\"auto, (max-width: 739px) 100vw, 739px\" \/><\/p>\n<p>Tambi\u00e9n fue detenido Jos\u00e9 Juan Vides, peligroso gatillero, que delinqu\u00eda en El Carmen. En 2015 fue detenido por haber disparado en contra de agentes policiales.<\/p>\n","protected":false},"excerpt":{"rendered":"<p>&nbsp; &nbsp; La@PNCSV captur\u00f3 a Gustavo Mois\u00e9s Gabriel, quien posee antecedentes delictivos desde 2016 por: Intento de homicidio y Agrupaciones<\/p>\n","protected":false},"author":1,"featured_media":19785,"comment_status":"open","ping_status":"open","sticky":false,"template":"","format":"standard","meta":{"colormag_page_container_layout":"default_layout","colormag_page_sidebar_layout":"default_layout","footnotes":""},"categories":[1],"tags":[],"class_list":["post-19782","post","type-post","status-publish","format-standard","has-post-thumbnail","hentry","category-nacional"],"_links":{"self":[{"href":"https:\/\/elmetidosv.com\/index.php?rest_route=\/wp\/v2\/posts\/19782","targetHints":{"allow":["GET"]}}],"collection":[{"href":"https:\/\/elmetidosv.com\/index.php?rest_route=\/wp\/v2\/posts"}],"about":[{"href":"https:\/\/elmetidosv.com\/index.php?rest_route=\/wp\/v2\/types\/post"}],"author":[{"embeddable":true,"href":"https:\/\/elmetidosv.com\/index.php?rest_route=\/wp\/v2\/users\/1"}],"replies":[{"embeddable":true,"href":"https:\/\/elmetidosv.com\/index.php?rest_route=%2Fwp%2Fv2%2Fcomments&post=19782"}],"version-history":[{"count":1,"href":"https:\/\/elmetidosv.com\/index.php?rest_route=\/wp\/v2\/posts\/19782\/revisions"}],"predecessor-version":[{"id":19786,"href":"https:\/\/elmetidosv.com\/index.php?rest_route=\/wp\/v2\/posts\/19782\/revisions\/19786"}],"wp:featuredmedia":[{"embeddable":true,"href":"https:\/\/elmetidosv.com\/index.php?rest_route=\/wp\/v2\/media\/19785"}],"wp:attachment":[{"href":"https:\/\/elmetidosv.com\/index.php?rest_route=%2Fwp%2Fv2%2Fmedia&parent=19782"}],"wp:term":[{"taxonomy":"category","embeddable":true,"href":"https:\/\/elmetidosv.com\/index.php?rest_route=%2Fwp%2Fv2%2Fcategories&post=19782"},{"taxonomy":"post_tag","embeddable":true,"href":"https:\/\/elmetidosv.com\/index.php?rest_route=%2Fwp%2Fv2%2Ftags&post=19782"}],"curies":[{"name":"wp","href":"https:\/\/api.w.org\/{rel}","templated":true}]}}