{"id":19705,"date":"2022-06-03T17:22:37","date_gmt":"2022-06-03T23:22:37","guid":{"rendered":"http:\/\/elmetidosve.com\/?p=19705"},"modified":"2022-06-03T17:22:37","modified_gmt":"2022-06-03T23:22:37","slug":"capturan-a-siete-colaboradores-de-estructuras-terroristas","status":"publish","type":"post","link":"https:\/\/elmetidosv.com\/?p=19705","title":{"rendered":"\u00a0Capturan a siete colaboradores de estructuras terroristas"},"content":{"rendered":"<p>Siete personas perfiladas como colaboradores de estructuras pandilleriles fueron capturados por efectivos de la Fuerza Armada, en Usulut\u00e1n.<\/p>\n<p>Las capturas se ejecutaron en el cant\u00f3n Roquinte, jurisdicci\u00f3n de Jiquilisco, en el departamento de Usulut\u00e1n, inform\u00f3 la fuente castrense.<\/p>\n<p>Los detenidos son seis mujeres y un hombre que colaboran de distintas formas con los miembros de las pandillas que operan en la zona.<\/p>\n<p>En las pr\u00f3ximas horas, los detenidos ser\u00e1n remitidos a la Fiscal\u00eda General de la Rep\u00fablica (FGR) para que los procese por el delito de agrupaciones il\u00edcitas.<\/p>\n","protected":false},"excerpt":{"rendered":"<p>Siete personas perfiladas como colaboradores de estructuras pandilleriles fueron capturados por efectivos de la Fuerza Armada, en Usulut\u00e1n. Las capturas<\/p>\n","protected":false},"author":2,"featured_media":19706,"comment_status":"open","ping_status":"open","sticky":false,"template":"","format":"standard","meta":{"colormag_page_container_layout":"default_layout","colormag_page_sidebar_layout":"default_layout","footnotes":""},"categories":[1],"tags":[],"class_list":["post-19705","post","type-post","status-publish","format-standard","has-post-thumbnail","hentry","category-nacional"],"_links":{"self":[{"href":"https:\/\/elmetidosv.com\/index.php?rest_route=\/wp\/v2\/posts\/19705","targetHints":{"allow":["GET"]}}],"collection":[{"href":"https:\/\/elmetidosv.com\/index.php?rest_route=\/wp\/v2\/posts"}],"about":[{"href":"https:\/\/elmetidosv.com\/index.php?rest_route=\/wp\/v2\/types\/post"}],"author":[{"embeddable":true,"href":"https:\/\/elmetidosv.com\/index.php?rest_route=\/wp\/v2\/users\/2"}],"replies":[{"embeddable":true,"href":"https:\/\/elmetidosv.com\/index.php?rest_route=%2Fwp%2Fv2%2Fcomments&post=19705"}],"version-history":[{"count":1,"href":"https:\/\/elmetidosv.com\/index.php?rest_route=\/wp\/v2\/posts\/19705\/revisions"}],"predecessor-version":[{"id":19707,"href":"https:\/\/elmetidosv.com\/index.php?rest_route=\/wp\/v2\/posts\/19705\/revisions\/19707"}],"wp:featuredmedia":[{"embeddable":true,"href":"https:\/\/elmetidosv.com\/index.php?rest_route=\/wp\/v2\/media\/19706"}],"wp:attachment":[{"href":"https:\/\/elmetidosv.com\/index.php?rest_route=%2Fwp%2Fv2%2Fmedia&parent=19705"}],"wp:term":[{"taxonomy":"category","embeddable":true,"href":"https:\/\/elmetidosv.com\/index.php?rest_route=%2Fwp%2Fv2%2Fcategories&post=19705"},{"taxonomy":"post_tag","embeddable":true,"href":"https:\/\/elmetidosv.com\/index.php?rest_route=%2Fwp%2Fv2%2Ftags&post=19705"}],"curies":[{"name":"wp","href":"https:\/\/api.w.org\/{rel}","templated":true}]}}