{"id":1947,"date":"2020-04-28T18:31:01","date_gmt":"2020-04-29T00:31:01","guid":{"rendered":"http:\/\/elmetidosve.com\/?p=1947"},"modified":"2020-04-28T18:31:07","modified_gmt":"2020-04-29T00:31:07","slug":"fuerte-choque-en-avenida-espana-de-san-salvador","status":"publish","type":"post","link":"https:\/\/elmetidosv.com\/?p=1947","title":{"rendered":"Fuerte choque en avenida Espa\u00f1a de San Salvador"},"content":{"rendered":"\n<figure class=\"wp-block-gallery columns-2 is-cropped wp-block-gallery-1 is-layout-flex wp-block-gallery-is-layout-flex\"><ul class=\"blocks-gallery-grid\"><li class=\"blocks-gallery-item\"><figure><img loading=\"lazy\" decoding=\"async\" width=\"640\" height=\"352\" src=\"http:\/\/elmetidosve.com\/wp-content\/uploads\/2020\/04\/0000000000000000000000000-93.jpg\" alt=\"\" data-id=\"1948\" data-link=\"http:\/\/elmetidosve.com\/?attachment_id=1948\" class=\"wp-image-1948\" srcset=\"https:\/\/elmetidosv.com\/wp-content\/uploads\/2020\/04\/0000000000000000000000000-93.jpg 640w, https:\/\/elmetidosv.com\/wp-content\/uploads\/2020\/04\/0000000000000000000000000-93-300x165.jpg 300w\" sizes=\"auto, (max-width: 640px) 100vw, 640px\" \/><\/figure><\/li><li class=\"blocks-gallery-item\"><figure><img loading=\"lazy\" decoding=\"async\" width=\"804\" height=\"453\" src=\"http:\/\/elmetidosve.com\/wp-content\/uploads\/2020\/04\/0-7.png\" alt=\"\" data-id=\"1950\" data-full-url=\"http:\/\/elmetidosve.com\/wp-content\/uploads\/2020\/04\/0-7.png\" data-link=\"http:\/\/elmetidosve.com\/?attachment_id=1950\" class=\"wp-image-1950\" srcset=\"https:\/\/elmetidosv.com\/wp-content\/uploads\/2020\/04\/0-7.png 804w, https:\/\/elmetidosv.com\/wp-content\/uploads\/2020\/04\/0-7-300x169.png 300w, https:\/\/elmetidosv.com\/wp-content\/uploads\/2020\/04\/0-7-768x433.png 768w\" sizes=\"auto, (max-width: 804px) 100vw, 804px\" \/><\/figure><\/li><\/ul><\/figure>\n\n\n\n<p>Un fuerte accidente de tr\u00e1nsito se registra durante la tarde de este martes entre la Avenida Espa\u00f1a y 13 Calle Oriente de San Salvador, dejando como resultado una persona lesionada y atrapada en un microb\u00fas.<\/p>\n\n\n\n<p>En dicho lugar colisionaron dos veh\u00edculos, al parecer, por irrespetar la se\u00f1al de alto en la intersecci\u00f3n. Estos carros poseen placas particulares P6942 (microb\u00fas) y P855282 (carro liviano).<\/p>\n\n\n\n<p>Personal de Comandos de Salvamento se hizo presente al lugar para auxiliar a las v\u00edctimas, encontrando a una persona atrapada entre la puerta del microb\u00fas.<\/p>\n\n\n\n<p>De acuerdo con los conductores involucrados, el microb\u00fas se conduc\u00eda sobre la Avenida Espa\u00f1a y el otro veh\u00edculo sobre la 13a. Calle Oriente, el cual deb\u00eda hacer un alto.<\/p>\n\n\n\n<p>La v\u00edctima lesionada fue identificada como Adolfo Antonio Vel\u00e1squez, de 48 a\u00f1os, detallaron cuerpos de socorro.<\/p>\n","protected":false},"excerpt":{"rendered":"<p>Un fuerte accidente de tr\u00e1nsito se registra durante la tarde de este martes entre la Avenida Espa\u00f1a y 13 Calle<\/p>\n","protected":false},"author":1,"featured_media":1950,"comment_status":"open","ping_status":"open","sticky":false,"template":"","format":"standard","meta":{"colormag_page_container_layout":"default_layout","colormag_page_sidebar_layout":"default_layout","footnotes":""},"categories":[1],"tags":[],"class_list":["post-1947","post","type-post","status-publish","format-standard","has-post-thumbnail","hentry","category-nacional"],"_links":{"self":[{"href":"https:\/\/elmetidosv.com\/index.php?rest_route=\/wp\/v2\/posts\/1947","targetHints":{"allow":["GET"]}}],"collection":[{"href":"https:\/\/elmetidosv.com\/index.php?rest_route=\/wp\/v2\/posts"}],"about":[{"href":"https:\/\/elmetidosv.com\/index.php?rest_route=\/wp\/v2\/types\/post"}],"author":[{"embeddable":true,"href":"https:\/\/elmetidosv.com\/index.php?rest_route=\/wp\/v2\/users\/1"}],"replies":[{"embeddable":true,"href":"https:\/\/elmetidosv.com\/index.php?rest_route=%2Fwp%2Fv2%2Fcomments&post=1947"}],"version-history":[{"count":1,"href":"https:\/\/elmetidosv.com\/index.php?rest_route=\/wp\/v2\/posts\/1947\/revisions"}],"predecessor-version":[{"id":1951,"href":"https:\/\/elmetidosv.com\/index.php?rest_route=\/wp\/v2\/posts\/1947\/revisions\/1951"}],"wp:featuredmedia":[{"embeddable":true,"href":"https:\/\/elmetidosv.com\/index.php?rest_route=\/wp\/v2\/media\/1950"}],"wp:attachment":[{"href":"https:\/\/elmetidosv.com\/index.php?rest_route=%2Fwp%2Fv2%2Fmedia&parent=1947"}],"wp:term":[{"taxonomy":"category","embeddable":true,"href":"https:\/\/elmetidosv.com\/index.php?rest_route=%2Fwp%2Fv2%2Fcategories&post=1947"},{"taxonomy":"post_tag","embeddable":true,"href":"https:\/\/elmetidosv.com\/index.php?rest_route=%2Fwp%2Fv2%2Ftags&post=1947"}],"curies":[{"name":"wp","href":"https:\/\/api.w.org\/{rel}","templated":true}]}}