{"id":19345,"date":"2022-05-02T18:22:02","date_gmt":"2022-05-03T00:22:02","guid":{"rendered":"http:\/\/elmetidosve.com\/?p=19345"},"modified":"2022-05-02T18:22:02","modified_gmt":"2022-05-03T00:22:02","slug":"equipos-elites-capturan-a-palabreros-que-ordenaban-crimenes-en-sonsonate","status":"publish","type":"post","link":"https:\/\/elmetidosv.com\/?p=19345","title":{"rendered":"Equipos \u00e9lites capturan a palabreros que ordenaban cr\u00edmenes en Sonsonate"},"content":{"rendered":"<p><img loading=\"lazy\" decoding=\"async\" class=\"aligncenter\" src=\"https:\/\/pbs.twimg.com\/media\/FRx24mQWQAIgAOR?format=jpg&amp;name=900x900\" alt=\"Imagen\" width=\"290\" height=\"501\" \/><\/p>\n<p>Dos peligrosos pandilleros con el rango de palabreros fueron capturados por equipos \u00e9lites de la Polic\u00eda Nacional Civil (PNC) en el departamento de Sonsonate.<\/p>\n<p>El primer delincuente fue identificado como Daniel Antonio L\u00f3pez Estrada, alias Macaco, quien posee antecedentes penales por portaci\u00f3n ilegal de arma de fuego y tr\u00e1fico il\u00edcito de droga.<\/p>\n<p>El otro sujeto es David Am\u00edlcar Acosta, alias Consom\u00e9, con antecedentes por homicidio y portaci\u00f3n ilegal de arma de fuego.<\/p>\n<p>\u00abAmbos ser\u00e1n puestos a orden de la Fiscal\u00eda General de la Rep\u00fablica (FGR) por agrupaciones il\u00edcitas, les esperan hasta 30 a\u00f1os tras las rejas\u00bb, inform\u00f3 la PNC.<\/p>\n","protected":false},"excerpt":{"rendered":"<p>Dos peligrosos pandilleros con el rango de palabreros fueron capturados por equipos \u00e9lites de la Polic\u00eda Nacional Civil (PNC) en<\/p>\n","protected":false},"author":2,"featured_media":19346,"comment_status":"open","ping_status":"open","sticky":false,"template":"","format":"standard","meta":{"colormag_page_container_layout":"default_layout","colormag_page_sidebar_layout":"default_layout","footnotes":""},"categories":[1],"tags":[],"class_list":["post-19345","post","type-post","status-publish","format-standard","has-post-thumbnail","hentry","category-nacional"],"_links":{"self":[{"href":"https:\/\/elmetidosv.com\/index.php?rest_route=\/wp\/v2\/posts\/19345","targetHints":{"allow":["GET"]}}],"collection":[{"href":"https:\/\/elmetidosv.com\/index.php?rest_route=\/wp\/v2\/posts"}],"about":[{"href":"https:\/\/elmetidosv.com\/index.php?rest_route=\/wp\/v2\/types\/post"}],"author":[{"embeddable":true,"href":"https:\/\/elmetidosv.com\/index.php?rest_route=\/wp\/v2\/users\/2"}],"replies":[{"embeddable":true,"href":"https:\/\/elmetidosv.com\/index.php?rest_route=%2Fwp%2Fv2%2Fcomments&post=19345"}],"version-history":[{"count":1,"href":"https:\/\/elmetidosv.com\/index.php?rest_route=\/wp\/v2\/posts\/19345\/revisions"}],"predecessor-version":[{"id":19347,"href":"https:\/\/elmetidosv.com\/index.php?rest_route=\/wp\/v2\/posts\/19345\/revisions\/19347"}],"wp:featuredmedia":[{"embeddable":true,"href":"https:\/\/elmetidosv.com\/index.php?rest_route=\/wp\/v2\/media\/19346"}],"wp:attachment":[{"href":"https:\/\/elmetidosv.com\/index.php?rest_route=%2Fwp%2Fv2%2Fmedia&parent=19345"}],"wp:term":[{"taxonomy":"category","embeddable":true,"href":"https:\/\/elmetidosv.com\/index.php?rest_route=%2Fwp%2Fv2%2Fcategories&post=19345"},{"taxonomy":"post_tag","embeddable":true,"href":"https:\/\/elmetidosv.com\/index.php?rest_route=%2Fwp%2Fv2%2Ftags&post=19345"}],"curies":[{"name":"wp","href":"https:\/\/api.w.org\/{rel}","templated":true}]}}