{"id":19335,"date":"2022-04-29T18:07:56","date_gmt":"2022-04-30T00:07:56","guid":{"rendered":"http:\/\/elmetidosve.com\/?p=19335"},"modified":"2022-04-29T18:07:56","modified_gmt":"2022-04-30T00:07:56","slug":"cae-pandillero-encargado-de-recoger-la-extorsion-a-comerciantes-en-san-salvador","status":"publish","type":"post","link":"https:\/\/elmetidosv.com\/?p=19335","title":{"rendered":"Cae pandillero encargado de recoger la extorsi\u00f3n a comerciantes en San Salvador"},"content":{"rendered":"<p>Contin\u00faan cayendo en manos de la justicia pandilleros, palabreros y colaboradores de las pandillas que amedrentan a los salvadore\u00f1os en distintos puntos del pa\u00eds.<\/p>\n<p>Autoridades de la Polic\u00eda Nacional Civil (PNC) reportan la captura de un miembro de pandillas encargado de recoger el dinero proveniente de la extorsi\u00f3n.<\/p>\n<p>\u201cCapturamos a Jos\u00e9 Emilio P\u00e9rez S\u00e1nchez, alias el Black, pandillero encargado de recoger el dinero de la extorsi\u00f3n a vendedores informales, taxistas y motoristas de la Exterminal de Oriente en San Salvador\u201d, report\u00f3 la polic\u00eda.<\/p>\n<p>Adem\u00e1s de tener esta asignaci\u00f3n il\u00edcita dentro de la pandilla, la PNC asegura que este sujeto se dedicaba a vigilar y ubicar los patrullajes policiales de la zona.<\/p>\n<p>Durante el procedimiento de captura, al delincuente se le incaut\u00f3 la motocicleta en la que se conduc\u00eda y un celular con informaci\u00f3n sobre los delitos en los que est\u00e1 involucrado.<\/p>\n<p>En las pr\u00f3ximas horas ser\u00e1 remitido a la Fiscal\u00eda General de la Rep\u00fablica (FGR) para que pague sus delitos indic\u00f3 la PNC.<\/p>\n","protected":false},"excerpt":{"rendered":"<p>Contin\u00faan cayendo en manos de la justicia pandilleros, palabreros y colaboradores de las pandillas que amedrentan a los salvadore\u00f1os en<\/p>\n","protected":false},"author":2,"featured_media":19336,"comment_status":"open","ping_status":"open","sticky":false,"template":"","format":"standard","meta":{"colormag_page_container_layout":"default_layout","colormag_page_sidebar_layout":"default_layout","footnotes":""},"categories":[1],"tags":[],"class_list":["post-19335","post","type-post","status-publish","format-standard","has-post-thumbnail","hentry","category-nacional"],"_links":{"self":[{"href":"https:\/\/elmetidosv.com\/index.php?rest_route=\/wp\/v2\/posts\/19335","targetHints":{"allow":["GET"]}}],"collection":[{"href":"https:\/\/elmetidosv.com\/index.php?rest_route=\/wp\/v2\/posts"}],"about":[{"href":"https:\/\/elmetidosv.com\/index.php?rest_route=\/wp\/v2\/types\/post"}],"author":[{"embeddable":true,"href":"https:\/\/elmetidosv.com\/index.php?rest_route=\/wp\/v2\/users\/2"}],"replies":[{"embeddable":true,"href":"https:\/\/elmetidosv.com\/index.php?rest_route=%2Fwp%2Fv2%2Fcomments&post=19335"}],"version-history":[{"count":1,"href":"https:\/\/elmetidosv.com\/index.php?rest_route=\/wp\/v2\/posts\/19335\/revisions"}],"predecessor-version":[{"id":19337,"href":"https:\/\/elmetidosv.com\/index.php?rest_route=\/wp\/v2\/posts\/19335\/revisions\/19337"}],"wp:featuredmedia":[{"embeddable":true,"href":"https:\/\/elmetidosv.com\/index.php?rest_route=\/wp\/v2\/media\/19336"}],"wp:attachment":[{"href":"https:\/\/elmetidosv.com\/index.php?rest_route=%2Fwp%2Fv2%2Fmedia&parent=19335"}],"wp:term":[{"taxonomy":"category","embeddable":true,"href":"https:\/\/elmetidosv.com\/index.php?rest_route=%2Fwp%2Fv2%2Fcategories&post=19335"},{"taxonomy":"post_tag","embeddable":true,"href":"https:\/\/elmetidosv.com\/index.php?rest_route=%2Fwp%2Fv2%2Ftags&post=19335"}],"curies":[{"name":"wp","href":"https:\/\/api.w.org\/{rel}","templated":true}]}}