{"id":19265,"date":"2022-04-23T16:45:47","date_gmt":"2022-04-23T22:45:47","guid":{"rendered":"http:\/\/elmetidosve.com\/?p=19265"},"modified":"2022-04-23T16:45:47","modified_gmt":"2022-04-23T22:45:47","slug":"capturan-a-pandillero-que-se-habia-ido-hasta-una-isla-para-huir-del-regimen-de-excepcion","status":"publish","type":"post","link":"https:\/\/elmetidosv.com\/?p=19265","title":{"rendered":"Capturan a pandillero que se hab\u00eda ido hasta una isla para huir del r\u00e9gimen de excepci\u00f3n"},"content":{"rendered":"<p>Elementos de la Fuerza Armada de El Salvador (FAES) capturaron a un pandillero en la Isla Conchag\u00fcita, en el Golfo de Fonseca, lugar donde intentaba ocultarse para evadir a la justicia salvadore\u00f1a.<\/p>\n<p>De acuerdo con las autoridades, el sujeto fue interceptado en esta isla, y ser\u00e1 puesto bajo la custodia de la Polic\u00eda Nacional Civil (PNC) para que sea llevado a los tribunales correspondientes.<\/p>\n<p>El pandillero ten\u00eda la esperanza que por estar en una isla alejada de la poblaci\u00f3n no iba ser capturado por las autoridades de Seguridad; no obstante, ahora tendr\u00e1 que responder por sus cr\u00edmenes.<\/p>\n<p>El Gobierno, por medio de la Polic\u00eda Nacional Civil y la Fuerza Armada, ha sacado de las calles a m\u00e1s de 15,400 pandilleros que por d\u00e9cadas causaron terror y dolor a las familias salvadore\u00f1as.<\/p>\n<p>Las capturas de los pandilleros se dan en el marco constitucional del r\u00e9gimen de excepci\u00f3n, aprobado por la Asamblea Legislativa a iniciativa del Presidente de la Rep\u00fablica.<\/p>\n","protected":false},"excerpt":{"rendered":"<p>Elementos de la Fuerza Armada de El Salvador (FAES) capturaron a un pandillero en la Isla Conchag\u00fcita, en el Golfo<\/p>\n","protected":false},"author":2,"featured_media":19266,"comment_status":"open","ping_status":"open","sticky":false,"template":"","format":"standard","meta":{"colormag_page_container_layout":"default_layout","colormag_page_sidebar_layout":"default_layout","footnotes":""},"categories":[1],"tags":[],"class_list":["post-19265","post","type-post","status-publish","format-standard","has-post-thumbnail","hentry","category-nacional"],"_links":{"self":[{"href":"https:\/\/elmetidosv.com\/index.php?rest_route=\/wp\/v2\/posts\/19265","targetHints":{"allow":["GET"]}}],"collection":[{"href":"https:\/\/elmetidosv.com\/index.php?rest_route=\/wp\/v2\/posts"}],"about":[{"href":"https:\/\/elmetidosv.com\/index.php?rest_route=\/wp\/v2\/types\/post"}],"author":[{"embeddable":true,"href":"https:\/\/elmetidosv.com\/index.php?rest_route=\/wp\/v2\/users\/2"}],"replies":[{"embeddable":true,"href":"https:\/\/elmetidosv.com\/index.php?rest_route=%2Fwp%2Fv2%2Fcomments&post=19265"}],"version-history":[{"count":1,"href":"https:\/\/elmetidosv.com\/index.php?rest_route=\/wp\/v2\/posts\/19265\/revisions"}],"predecessor-version":[{"id":19267,"href":"https:\/\/elmetidosv.com\/index.php?rest_route=\/wp\/v2\/posts\/19265\/revisions\/19267"}],"wp:featuredmedia":[{"embeddable":true,"href":"https:\/\/elmetidosv.com\/index.php?rest_route=\/wp\/v2\/media\/19266"}],"wp:attachment":[{"href":"https:\/\/elmetidosv.com\/index.php?rest_route=%2Fwp%2Fv2%2Fmedia&parent=19265"}],"wp:term":[{"taxonomy":"category","embeddable":true,"href":"https:\/\/elmetidosv.com\/index.php?rest_route=%2Fwp%2Fv2%2Fcategories&post=19265"},{"taxonomy":"post_tag","embeddable":true,"href":"https:\/\/elmetidosv.com\/index.php?rest_route=%2Fwp%2Fv2%2Ftags&post=19265"}],"curies":[{"name":"wp","href":"https:\/\/api.w.org\/{rel}","templated":true}]}}