{"id":19200,"date":"2022-04-18T17:51:32","date_gmt":"2022-04-18T23:51:32","guid":{"rendered":"http:\/\/elmetidosve.com\/?p=19200"},"modified":"2022-04-18T17:51:32","modified_gmt":"2022-04-18T23:51:32","slug":"mas-de-300-sujetos-procesados-por-multiples-delitos-podrian-recibir-hasta-30-anos-de-carcel","status":"publish","type":"post","link":"https:\/\/elmetidosv.com\/?p=19200","title":{"rendered":"M\u00e1s de 300 sujetos procesados por m\u00faltiples delitos podr\u00edan recibir hasta 30 a\u00f1os de c\u00e1rcel"},"content":{"rendered":"<p><img decoding=\"async\" src=\"https:\/\/scontent.fsal4-1.fna.fbcdn.net\/v\/t39.30808-6\/278778101_357141069790337_8847353414398285047_n.jpg?_nc_cat=101&amp;ccb=1-5&amp;_nc_sid=730e14&amp;_nc_ohc=wWfTaO_v2aoAX9YK_Cg&amp;_nc_ht=scontent.fsal4-1.fna&amp;oh=00_AT84_0J7-xABRjh3GF1i4r1Tkd6_wOmkclw9WcyJiZgMTg&amp;oe=626272E8\" alt=\"Puede ser una imagen de una o varias personas e interior\" \/><\/p>\n<p>Esta ma\u00f1ana, el Juzgado Especializado de Instrucci\u00f3n A2 de Santa Ana instal\u00f3 la audiencia de imposici\u00f3n de medidas contra 307 imputados, acusados por la Fiscal\u00eda por m\u00faltiples delitos.<\/p>\n<p>Los delitos est\u00e1n relacionados a agrupaciones il\u00edcitas; posesi\u00f3n y tenencia con fines de tr\u00e1fico; tr\u00e1fico il\u00edcito; tenencia, portaci\u00f3n o conducci\u00f3n ilegal o irresponsable de arma de fuego; allanamiento de morada y casos especiales de lavado de dinero.<\/p>\n<p>La fiscal\u00eda pide la continuaci\u00f3n del proceso a la siguiente etapa, con la medida cautelar de la detenci\u00f3n provisional para todos los imputados. Para ello, presentar\u00e1 prueba indiciaria que acreditar\u00e1 la existencia de los il\u00edcitos, as\u00ed como la participaci\u00f3n de los acusados en el cometimiento de los mismos.<\/p>\n<p>Entre los detenidos se encuentran nueve palabreros, de los cuales seis operaban en Santa Ana, dos en Sonsonate y uno en Ahuachap\u00e1n.<\/p>\n<p>Los reos se encuentran detenidos en el Complejo Penitenciario de Seguridad Izalco, Sonsonate, y las mujeres en la C\u00e1rcel de Ilopango, en San Salvador.<\/p>\n<p>Todos fueron capturados entre el 03 y 05 de abril, en el per\u00edodo de flagrancia en el marco del R\u00e9gimen de Excepci\u00f3n, por ser miembros activos del grupo terrorista MS13.<\/p>\n","protected":false},"excerpt":{"rendered":"<p>Esta ma\u00f1ana, el Juzgado Especializado de Instrucci\u00f3n A2 de Santa Ana instal\u00f3 la audiencia de imposici\u00f3n de medidas contra 307<\/p>\n","protected":false},"author":2,"featured_media":19201,"comment_status":"open","ping_status":"open","sticky":false,"template":"","format":"standard","meta":{"colormag_page_container_layout":"default_layout","colormag_page_sidebar_layout":"default_layout","footnotes":""},"categories":[1],"tags":[],"class_list":["post-19200","post","type-post","status-publish","format-standard","has-post-thumbnail","hentry","category-nacional"],"_links":{"self":[{"href":"https:\/\/elmetidosv.com\/index.php?rest_route=\/wp\/v2\/posts\/19200","targetHints":{"allow":["GET"]}}],"collection":[{"href":"https:\/\/elmetidosv.com\/index.php?rest_route=\/wp\/v2\/posts"}],"about":[{"href":"https:\/\/elmetidosv.com\/index.php?rest_route=\/wp\/v2\/types\/post"}],"author":[{"embeddable":true,"href":"https:\/\/elmetidosv.com\/index.php?rest_route=\/wp\/v2\/users\/2"}],"replies":[{"embeddable":true,"href":"https:\/\/elmetidosv.com\/index.php?rest_route=%2Fwp%2Fv2%2Fcomments&post=19200"}],"version-history":[{"count":1,"href":"https:\/\/elmetidosv.com\/index.php?rest_route=\/wp\/v2\/posts\/19200\/revisions"}],"predecessor-version":[{"id":19202,"href":"https:\/\/elmetidosv.com\/index.php?rest_route=\/wp\/v2\/posts\/19200\/revisions\/19202"}],"wp:featuredmedia":[{"embeddable":true,"href":"https:\/\/elmetidosv.com\/index.php?rest_route=\/wp\/v2\/media\/19201"}],"wp:attachment":[{"href":"https:\/\/elmetidosv.com\/index.php?rest_route=%2Fwp%2Fv2%2Fmedia&parent=19200"}],"wp:term":[{"taxonomy":"category","embeddable":true,"href":"https:\/\/elmetidosv.com\/index.php?rest_route=%2Fwp%2Fv2%2Fcategories&post=19200"},{"taxonomy":"post_tag","embeddable":true,"href":"https:\/\/elmetidosv.com\/index.php?rest_route=%2Fwp%2Fv2%2Ftags&post=19200"}],"curies":[{"name":"wp","href":"https:\/\/api.w.org\/{rel}","templated":true}]}}