{"id":19197,"date":"2022-04-18T17:37:40","date_gmt":"2022-04-18T23:37:40","guid":{"rendered":"http:\/\/elmetidosve.com\/?p=19197"},"modified":"2022-04-18T17:37:40","modified_gmt":"2022-04-18T23:37:40","slug":"cristiano-ronaldo-y-georgina-rodriguez-confirman-la-muerte-de-su-hijo-recien-nacido","status":"publish","type":"post","link":"https:\/\/elmetidosv.com\/?p=19197","title":{"rendered":"Cristiano Ronaldo y Georgina Rodr\u00edguez confirman la muerte de su hijo reci\u00e9n nacido"},"content":{"rendered":"<p><img decoding=\"async\" src=\"https:\/\/elblog.com\/inicio\/wp-content\/uploads\/2022\/04\/CR7-Hijo-muerto-1024x582.jpg\" \/><\/p>\n<p>El astro de f\u00fatbol portugu\u00e9s, Cristiano Ronaldo, ha confirmado la muerte de uno de sus hijos, a trav\u00e9s de su perfil oficial en redes sociales.<\/p>\n<p>\u201cCon nuestra m\u00e1s profunda tristeza tenemos que anunciar el fallecimiento de nuestro hijo\u201d, se lee en el comunicado publicado por CR-7 en su perfil de Instagram.<\/p>\n<p>Se trata de uno de los gemelos que estaba esperando Georgina Rodr\u00edguez, el segundo beb\u00e9 estar\u00eda a salvo.<\/p>\n<p>\u201cSolo el nacimiento de nuestra hija nos da la fuerza para vivir este momento con algo de esperanza y felicidad\u201d, agrega el comunicado de la pareja.<\/p>\n<p>Cristiano Ronaldo y su pareja agradecieron el apoyo y los cuidados de los m\u00e9dicos y enfermeras durante este duro momento.<\/p>\n<p>\u201cBeb\u00e9, eres nuestro \u00e1ngel. Siempre te amaremos\u201d, concluyen CR-7 y Gabriela Rodr\u00edguez su comunicado.<\/p>\n","protected":false},"excerpt":{"rendered":"<p>El astro de f\u00fatbol portugu\u00e9s, Cristiano Ronaldo, ha confirmado la muerte de uno de sus hijos, a trav\u00e9s de su<\/p>\n","protected":false},"author":2,"featured_media":19198,"comment_status":"open","ping_status":"open","sticky":false,"template":"","format":"standard","meta":{"colormag_page_container_layout":"default_layout","colormag_page_sidebar_layout":"default_layout","footnotes":""},"categories":[9],"tags":[],"class_list":["post-19197","post","type-post","status-publish","format-standard","has-post-thumbnail","hentry","category-espectaculos"],"_links":{"self":[{"href":"https:\/\/elmetidosv.com\/index.php?rest_route=\/wp\/v2\/posts\/19197","targetHints":{"allow":["GET"]}}],"collection":[{"href":"https:\/\/elmetidosv.com\/index.php?rest_route=\/wp\/v2\/posts"}],"about":[{"href":"https:\/\/elmetidosv.com\/index.php?rest_route=\/wp\/v2\/types\/post"}],"author":[{"embeddable":true,"href":"https:\/\/elmetidosv.com\/index.php?rest_route=\/wp\/v2\/users\/2"}],"replies":[{"embeddable":true,"href":"https:\/\/elmetidosv.com\/index.php?rest_route=%2Fwp%2Fv2%2Fcomments&post=19197"}],"version-history":[{"count":1,"href":"https:\/\/elmetidosv.com\/index.php?rest_route=\/wp\/v2\/posts\/19197\/revisions"}],"predecessor-version":[{"id":19199,"href":"https:\/\/elmetidosv.com\/index.php?rest_route=\/wp\/v2\/posts\/19197\/revisions\/19199"}],"wp:featuredmedia":[{"embeddable":true,"href":"https:\/\/elmetidosv.com\/index.php?rest_route=\/wp\/v2\/media\/19198"}],"wp:attachment":[{"href":"https:\/\/elmetidosv.com\/index.php?rest_route=%2Fwp%2Fv2%2Fmedia&parent=19197"}],"wp:term":[{"taxonomy":"category","embeddable":true,"href":"https:\/\/elmetidosv.com\/index.php?rest_route=%2Fwp%2Fv2%2Fcategories&post=19197"},{"taxonomy":"post_tag","embeddable":true,"href":"https:\/\/elmetidosv.com\/index.php?rest_route=%2Fwp%2Fv2%2Ftags&post=19197"}],"curies":[{"name":"wp","href":"https:\/\/api.w.org\/{rel}","templated":true}]}}