{"id":19194,"date":"2022-04-18T17:24:22","date_gmt":"2022-04-18T23:24:22","guid":{"rendered":"http:\/\/elmetidosve.com\/?p=19194"},"modified":"2022-04-18T17:24:22","modified_gmt":"2022-04-18T23:24:22","slug":"capturan-a-peligroso-pandillero-que-posee-alto-historial-delictivo","status":"publish","type":"post","link":"https:\/\/elmetidosv.com\/?p=19194","title":{"rendered":"Capturan a peligroso pandillero que posee alto historial delictivo"},"content":{"rendered":"<p><img loading=\"lazy\" decoding=\"async\" class=\"aligncenter\" src=\"https:\/\/pbs.twimg.com\/media\/FQo6bABWUAEMWkH?format=jpg&amp;name=900x900\" alt=\"Imagen\" width=\"386\" height=\"530\" \/><\/p>\n<p><img loading=\"lazy\" decoding=\"async\" class=\"aligncenter\" src=\"https:\/\/pbs.twimg.com\/media\/FQo6bQxWUAYByRB?format=jpg&amp;name=900x900\" alt=\"Imagen\" width=\"383\" height=\"431\" \/><\/p>\n<p>En las \u00faltimas horas, un peligroso pandillero ha sido capturado por agentes policiales tras ser acusado de participar en m\u00faltiples hechos delictivos.<\/p>\n<p>Se trata de Yordi Antonio Mej\u00eda Hern\u00e1ndez, alias el Triste, perfilado como un peligroso terrorista que hu\u00eda de las autoridades para evitar su captura en el marco del R\u00e9gimen de Excepci\u00f3n que el Gobierno lleva a cabo a nivel nacional.<\/p>\n<p>Si embargo, fue capturado este lunes sobre la 25 Avenida Norte, frente a la comunidad Tutunichapa en San Salvador.<\/p>\n<p>Seg\u00fan consta el registro policial, este sujeto posee un alto historial delictivo por el delito de homicidio agravado, entre otros delitos.<\/p>\n<p>Alias el Triste ya se encuentra bajos las \u00f3rdenes ficales para que responda por los delitos al que se le atribuyen.<\/p>\n","protected":false},"excerpt":{"rendered":"<p>En las \u00faltimas horas, un peligroso pandillero ha sido capturado por agentes policiales tras ser acusado de participar en m\u00faltiples<\/p>\n","protected":false},"author":2,"featured_media":19195,"comment_status":"open","ping_status":"open","sticky":false,"template":"","format":"standard","meta":{"colormag_page_container_layout":"default_layout","colormag_page_sidebar_layout":"default_layout","footnotes":""},"categories":[1],"tags":[],"class_list":["post-19194","post","type-post","status-publish","format-standard","has-post-thumbnail","hentry","category-nacional"],"_links":{"self":[{"href":"https:\/\/elmetidosv.com\/index.php?rest_route=\/wp\/v2\/posts\/19194","targetHints":{"allow":["GET"]}}],"collection":[{"href":"https:\/\/elmetidosv.com\/index.php?rest_route=\/wp\/v2\/posts"}],"about":[{"href":"https:\/\/elmetidosv.com\/index.php?rest_route=\/wp\/v2\/types\/post"}],"author":[{"embeddable":true,"href":"https:\/\/elmetidosv.com\/index.php?rest_route=\/wp\/v2\/users\/2"}],"replies":[{"embeddable":true,"href":"https:\/\/elmetidosv.com\/index.php?rest_route=%2Fwp%2Fv2%2Fcomments&post=19194"}],"version-history":[{"count":1,"href":"https:\/\/elmetidosv.com\/index.php?rest_route=\/wp\/v2\/posts\/19194\/revisions"}],"predecessor-version":[{"id":19196,"href":"https:\/\/elmetidosv.com\/index.php?rest_route=\/wp\/v2\/posts\/19194\/revisions\/19196"}],"wp:featuredmedia":[{"embeddable":true,"href":"https:\/\/elmetidosv.com\/index.php?rest_route=\/wp\/v2\/media\/19195"}],"wp:attachment":[{"href":"https:\/\/elmetidosv.com\/index.php?rest_route=%2Fwp%2Fv2%2Fmedia&parent=19194"}],"wp:term":[{"taxonomy":"category","embeddable":true,"href":"https:\/\/elmetidosv.com\/index.php?rest_route=%2Fwp%2Fv2%2Fcategories&post=19194"},{"taxonomy":"post_tag","embeddable":true,"href":"https:\/\/elmetidosv.com\/index.php?rest_route=%2Fwp%2Fv2%2Ftags&post=19194"}],"curies":[{"name":"wp","href":"https:\/\/api.w.org\/{rel}","templated":true}]}}