{"id":19137,"date":"2022-04-13T17:47:32","date_gmt":"2022-04-13T23:47:32","guid":{"rendered":"http:\/\/elmetidosve.com\/?p=19137"},"modified":"2022-04-13T17:47:32","modified_gmt":"2022-04-13T23:47:32","slug":"capturan-a-pandilleros-que-delinquian-en-zaragoza-santa-tecla-y-colon","status":"publish","type":"post","link":"https:\/\/elmetidosv.com\/?p=19137","title":{"rendered":"Capturan a pandilleros que delinqu\u00edan en Zaragoza, Santa Tecla y Col\u00f3n"},"content":{"rendered":"<p>Peligrosos pandilleros que delinqu\u00edan en los municipios de Zaragoza, Santa Tecla y Col\u00f3n, del departamento de La Libertad, fueron arrestados durante un operativo de la Polic\u00eda Nacional Civil (PNC).<\/p>\n<p>Se trata de 13 pandilleros, entre los que se encuentran dos menores de edad, que ser\u00e1n juzgados como adultos, y una mujer.<\/p>\n<p>A los criminales les incautaron un veh\u00edculo y cinco celulares y ser\u00e1n procesados en los pr\u00f3ximos d\u00edas por el cargo de agrupaciones il\u00edcitas.<\/p>\n<p>\u201cEste resultado fue gracias al trabajo coordinado de nuestra Divisi\u00f3n Central de Investigaciones (DCI)\u201d, dijo la Polic\u00eda tras las detenciones.<\/p>\n","protected":false},"excerpt":{"rendered":"<p>Peligrosos pandilleros que delinqu\u00edan en los municipios de Zaragoza, Santa Tecla y Col\u00f3n, del departamento de La Libertad, fueron arrestados<\/p>\n","protected":false},"author":2,"featured_media":19138,"comment_status":"open","ping_status":"open","sticky":false,"template":"","format":"standard","meta":{"colormag_page_container_layout":"default_layout","colormag_page_sidebar_layout":"default_layout","footnotes":""},"categories":[1],"tags":[],"class_list":["post-19137","post","type-post","status-publish","format-standard","has-post-thumbnail","hentry","category-nacional"],"_links":{"self":[{"href":"https:\/\/elmetidosv.com\/index.php?rest_route=\/wp\/v2\/posts\/19137","targetHints":{"allow":["GET"]}}],"collection":[{"href":"https:\/\/elmetidosv.com\/index.php?rest_route=\/wp\/v2\/posts"}],"about":[{"href":"https:\/\/elmetidosv.com\/index.php?rest_route=\/wp\/v2\/types\/post"}],"author":[{"embeddable":true,"href":"https:\/\/elmetidosv.com\/index.php?rest_route=\/wp\/v2\/users\/2"}],"replies":[{"embeddable":true,"href":"https:\/\/elmetidosv.com\/index.php?rest_route=%2Fwp%2Fv2%2Fcomments&post=19137"}],"version-history":[{"count":1,"href":"https:\/\/elmetidosv.com\/index.php?rest_route=\/wp\/v2\/posts\/19137\/revisions"}],"predecessor-version":[{"id":19139,"href":"https:\/\/elmetidosv.com\/index.php?rest_route=\/wp\/v2\/posts\/19137\/revisions\/19139"}],"wp:featuredmedia":[{"embeddable":true,"href":"https:\/\/elmetidosv.com\/index.php?rest_route=\/wp\/v2\/media\/19138"}],"wp:attachment":[{"href":"https:\/\/elmetidosv.com\/index.php?rest_route=%2Fwp%2Fv2%2Fmedia&parent=19137"}],"wp:term":[{"taxonomy":"category","embeddable":true,"href":"https:\/\/elmetidosv.com\/index.php?rest_route=%2Fwp%2Fv2%2Fcategories&post=19137"},{"taxonomy":"post_tag","embeddable":true,"href":"https:\/\/elmetidosv.com\/index.php?rest_route=%2Fwp%2Fv2%2Ftags&post=19137"}],"curies":[{"name":"wp","href":"https:\/\/api.w.org\/{rel}","templated":true}]}}