{"id":19104,"date":"2022-04-09T12:53:07","date_gmt":"2022-04-09T18:53:07","guid":{"rendered":"http:\/\/elmetidosve.com\/?p=19104"},"modified":"2022-04-09T12:53:07","modified_gmt":"2022-04-09T18:53:07","slug":"hugo-carillo-es-reelegido-para-seguir-en-la-fesfut-por-4-anos-mas","status":"publish","type":"post","link":"https:\/\/elmetidosv.com\/?p=19104","title":{"rendered":"Hugo Carillo es reelegido para seguir en la FESFUT por 4 a\u00f1os m\u00e1s"},"content":{"rendered":"<p>La Primera Divisi\u00f3n eligi\u00f3 la noche de ayer viernes a sus dos representantes para el pr\u00f3ximo comit\u00e9 ejecutivo de la Federaci\u00f3n Salvadore\u00f1a de F\u00fatbol (FESFUT) para el periodo 2022-2026. Uno de los representantes es Hugo Carrillo, quien estar\u00e1 cuatro a\u00f1os m\u00e1s en esta organizaci\u00f3n deportiva.<\/p>\n<p>Carrillo es el actual presidente de la FESFUT y ha estado en dicha instituci\u00f3n en los \u00faltimos ochos a\u00f1os.<\/p>\n<p>Con seis de los 12 representantes de los equipos, Hugo Carrillo de Atl\u00e9tico Marte y Leonel Hern\u00e1ndez de Jocoro, fueron electos para conformar el nuevo comit\u00e9 ejecutivo.<\/p>\n<p>Am\u00e9rico Rodr\u00edguez, miembro del actual comit\u00e9 federativo, fue el delegado para observar el proceso de votaci\u00f3n y dar validez a la misma con Carrillo y Hern\u00e1ndez como los escogidos.<\/p>\n<p>Uno de los escogidos, Hern\u00e1ndez, rest\u00f3 importancia que solo seis representantes estaban en dicha reuni\u00f3n. Ahora aseguran que \u00abno van a fallar\u00bb.<\/p>\n","protected":false},"excerpt":{"rendered":"<p>La Primera Divisi\u00f3n eligi\u00f3 la noche de ayer viernes a sus dos representantes para el pr\u00f3ximo comit\u00e9 ejecutivo de la<\/p>\n","protected":false},"author":2,"featured_media":19105,"comment_status":"open","ping_status":"open","sticky":false,"template":"","format":"standard","meta":{"colormag_page_container_layout":"default_layout","colormag_page_sidebar_layout":"default_layout","footnotes":""},"categories":[1],"tags":[],"class_list":["post-19104","post","type-post","status-publish","format-standard","has-post-thumbnail","hentry","category-nacional"],"_links":{"self":[{"href":"https:\/\/elmetidosv.com\/index.php?rest_route=\/wp\/v2\/posts\/19104","targetHints":{"allow":["GET"]}}],"collection":[{"href":"https:\/\/elmetidosv.com\/index.php?rest_route=\/wp\/v2\/posts"}],"about":[{"href":"https:\/\/elmetidosv.com\/index.php?rest_route=\/wp\/v2\/types\/post"}],"author":[{"embeddable":true,"href":"https:\/\/elmetidosv.com\/index.php?rest_route=\/wp\/v2\/users\/2"}],"replies":[{"embeddable":true,"href":"https:\/\/elmetidosv.com\/index.php?rest_route=%2Fwp%2Fv2%2Fcomments&post=19104"}],"version-history":[{"count":1,"href":"https:\/\/elmetidosv.com\/index.php?rest_route=\/wp\/v2\/posts\/19104\/revisions"}],"predecessor-version":[{"id":19107,"href":"https:\/\/elmetidosv.com\/index.php?rest_route=\/wp\/v2\/posts\/19104\/revisions\/19107"}],"wp:featuredmedia":[{"embeddable":true,"href":"https:\/\/elmetidosv.com\/index.php?rest_route=\/wp\/v2\/media\/19105"}],"wp:attachment":[{"href":"https:\/\/elmetidosv.com\/index.php?rest_route=%2Fwp%2Fv2%2Fmedia&parent=19104"}],"wp:term":[{"taxonomy":"category","embeddable":true,"href":"https:\/\/elmetidosv.com\/index.php?rest_route=%2Fwp%2Fv2%2Fcategories&post=19104"},{"taxonomy":"post_tag","embeddable":true,"href":"https:\/\/elmetidosv.com\/index.php?rest_route=%2Fwp%2Fv2%2Ftags&post=19104"}],"curies":[{"name":"wp","href":"https:\/\/api.w.org\/{rel}","templated":true}]}}