{"id":19072,"date":"2022-04-07T12:43:53","date_gmt":"2022-04-07T18:43:53","guid":{"rendered":"http:\/\/elmetidosve.com\/?p=19072"},"modified":"2022-04-07T12:43:53","modified_gmt":"2022-04-07T18:43:53","slug":"motociclista-fallece-al-chocar-contra-un-bus-en-santa-ana","status":"publish","type":"post","link":"https:\/\/elmetidosv.com\/?p=19072","title":{"rendered":"Motociclista fallece al chocar contra un bus en Santa Ana"},"content":{"rendered":"<p>El conductor de una motocicleta perdi\u00f3 la vida, la ma\u00f1ana de este jueves, al impactar con la parte trasera de una unidad del transporte colectivo.<\/p>\n<p>El lamentable hecho tuvo lugar sobre el bulevar Nicol\u00e1s Salume, en la ciudad de Santa Ana.<\/p>\n<p>De acuerdo con el informe, el motociclista choc\u00f3 contra el bus que se encontraba estacionado en la zona. Producto del fuerte impacto, el joven perdi\u00f3 la vida instant\u00e1neamente.<\/p>\n<p>Hasta el momento, las autoridades de la Polic\u00eda Nacional Civil (PNC) se encuentran investigando los hechos para deducir las responsabilidades.<\/p>\n","protected":false},"excerpt":{"rendered":"<p>El conductor de una motocicleta perdi\u00f3 la vida, la ma\u00f1ana de este jueves, al impactar con la parte trasera de<\/p>\n","protected":false},"author":2,"featured_media":19073,"comment_status":"open","ping_status":"open","sticky":false,"template":"","format":"standard","meta":{"colormag_page_container_layout":"default_layout","colormag_page_sidebar_layout":"default_layout","footnotes":""},"categories":[1],"tags":[],"class_list":["post-19072","post","type-post","status-publish","format-standard","has-post-thumbnail","hentry","category-nacional"],"_links":{"self":[{"href":"https:\/\/elmetidosv.com\/index.php?rest_route=\/wp\/v2\/posts\/19072","targetHints":{"allow":["GET"]}}],"collection":[{"href":"https:\/\/elmetidosv.com\/index.php?rest_route=\/wp\/v2\/posts"}],"about":[{"href":"https:\/\/elmetidosv.com\/index.php?rest_route=\/wp\/v2\/types\/post"}],"author":[{"embeddable":true,"href":"https:\/\/elmetidosv.com\/index.php?rest_route=\/wp\/v2\/users\/2"}],"replies":[{"embeddable":true,"href":"https:\/\/elmetidosv.com\/index.php?rest_route=%2Fwp%2Fv2%2Fcomments&post=19072"}],"version-history":[{"count":1,"href":"https:\/\/elmetidosv.com\/index.php?rest_route=\/wp\/v2\/posts\/19072\/revisions"}],"predecessor-version":[{"id":19074,"href":"https:\/\/elmetidosv.com\/index.php?rest_route=\/wp\/v2\/posts\/19072\/revisions\/19074"}],"wp:featuredmedia":[{"embeddable":true,"href":"https:\/\/elmetidosv.com\/index.php?rest_route=\/wp\/v2\/media\/19073"}],"wp:attachment":[{"href":"https:\/\/elmetidosv.com\/index.php?rest_route=%2Fwp%2Fv2%2Fmedia&parent=19072"}],"wp:term":[{"taxonomy":"category","embeddable":true,"href":"https:\/\/elmetidosv.com\/index.php?rest_route=%2Fwp%2Fv2%2Fcategories&post=19072"},{"taxonomy":"post_tag","embeddable":true,"href":"https:\/\/elmetidosv.com\/index.php?rest_route=%2Fwp%2Fv2%2Ftags&post=19072"}],"curies":[{"name":"wp","href":"https:\/\/api.w.org\/{rel}","templated":true}]}}