{"id":19043,"date":"2022-04-04T19:16:56","date_gmt":"2022-04-05T01:16:56","guid":{"rendered":"http:\/\/elmetidosve.com\/?p=19043"},"modified":"2022-04-04T19:16:56","modified_gmt":"2022-04-05T01:16:56","slug":"capturan-a-motorista-de-la-ruta-4-que-en-2019-fue-procesado-por-organizaciones-terroristas","status":"publish","type":"post","link":"https:\/\/elmetidosv.com\/?p=19043","title":{"rendered":"Capturan a motorista de la ruta 4 que en 2019 fue procesado por organizaciones terroristas"},"content":{"rendered":"<p>Un motorista de la ruta 4 fue arrestado por el cargo de agrupaciones il\u00edcitas, la tarde del lunes, en el departamento de San Salvador.<\/p>\n<p>Se trata de David Alexander Morales Fuentes, quien manejaba un microb\u00fas de la ruta 4 cuando fue sorprendido por los agentes de la Polic\u00eda Nacional Civil (PNC).<\/p>\n<p>\u201cEste sujeto fue procesado en el 2019 por organizaciones terroristas, pero un juez orden\u00f3 su liberaci\u00f3n. Ahora enfrentar\u00e1 nuevamente la justicia por agrupaciones il\u00edcitas, delito por el que pasar\u00e1 30 a\u00f1os en prisi\u00f3n\u201d, dijo la PNC tras el arresto.<\/p>\n<p>Asimismo, destacaron que este tipo de procedimientos son parte de las acciones operativas del Plan Control Territorial.<\/p>\n","protected":false},"excerpt":{"rendered":"<p>Un motorista de la ruta 4 fue arrestado por el cargo de agrupaciones il\u00edcitas, la tarde del lunes, en el<\/p>\n","protected":false},"author":2,"featured_media":19044,"comment_status":"open","ping_status":"open","sticky":false,"template":"","format":"standard","meta":{"colormag_page_container_layout":"default_layout","colormag_page_sidebar_layout":"default_layout","footnotes":""},"categories":[1],"tags":[],"class_list":["post-19043","post","type-post","status-publish","format-standard","has-post-thumbnail","hentry","category-nacional"],"_links":{"self":[{"href":"https:\/\/elmetidosv.com\/index.php?rest_route=\/wp\/v2\/posts\/19043","targetHints":{"allow":["GET"]}}],"collection":[{"href":"https:\/\/elmetidosv.com\/index.php?rest_route=\/wp\/v2\/posts"}],"about":[{"href":"https:\/\/elmetidosv.com\/index.php?rest_route=\/wp\/v2\/types\/post"}],"author":[{"embeddable":true,"href":"https:\/\/elmetidosv.com\/index.php?rest_route=\/wp\/v2\/users\/2"}],"replies":[{"embeddable":true,"href":"https:\/\/elmetidosv.com\/index.php?rest_route=%2Fwp%2Fv2%2Fcomments&post=19043"}],"version-history":[{"count":2,"href":"https:\/\/elmetidosv.com\/index.php?rest_route=\/wp\/v2\/posts\/19043\/revisions"}],"predecessor-version":[{"id":19046,"href":"https:\/\/elmetidosv.com\/index.php?rest_route=\/wp\/v2\/posts\/19043\/revisions\/19046"}],"wp:featuredmedia":[{"embeddable":true,"href":"https:\/\/elmetidosv.com\/index.php?rest_route=\/wp\/v2\/media\/19044"}],"wp:attachment":[{"href":"https:\/\/elmetidosv.com\/index.php?rest_route=%2Fwp%2Fv2%2Fmedia&parent=19043"}],"wp:term":[{"taxonomy":"category","embeddable":true,"href":"https:\/\/elmetidosv.com\/index.php?rest_route=%2Fwp%2Fv2%2Fcategories&post=19043"},{"taxonomy":"post_tag","embeddable":true,"href":"https:\/\/elmetidosv.com\/index.php?rest_route=%2Fwp%2Fv2%2Ftags&post=19043"}],"curies":[{"name":"wp","href":"https:\/\/api.w.org\/{rel}","templated":true}]}}