{"id":1898,"date":"2020-04-27T18:26:16","date_gmt":"2020-04-28T00:26:16","guid":{"rendered":"http:\/\/elmetidosve.com\/?p=1898"},"modified":"2020-04-27T18:26:22","modified_gmt":"2020-04-28T00:26:22","slug":"sellan-celdas-de-los-penales-para-que-pandilleros-no-puedan-comunicarse-a-senas-entre-ellos","status":"publish","type":"post","link":"https:\/\/elmetidosv.com\/?p=1898","title":{"rendered":"Sellan celdas de los penales para que pandilleros no puedan comunicarse a se\u00f1as entre ellos"},"content":{"rendered":"\n<figure class=\"wp-block-gallery columns-3 is-cropped wp-block-gallery-1 is-layout-flex wp-block-gallery-is-layout-flex\"><ul class=\"blocks-gallery-grid\"><li class=\"blocks-gallery-item\"><figure><img loading=\"lazy\" decoding=\"async\" width=\"1024\" height=\"682\" src=\"http:\/\/elmetidosve.com\/wp-content\/uploads\/2020\/04\/0000000000000000000000000-86-1024x682.jpg\" alt=\"\" data-id=\"1899\" data-full-url=\"http:\/\/elmetidosve.com\/wp-content\/uploads\/2020\/04\/0000000000000000000000000-86.jpg\" data-link=\"http:\/\/elmetidosve.com\/?attachment_id=1899\" class=\"wp-image-1899\" srcset=\"https:\/\/elmetidosv.com\/wp-content\/uploads\/2020\/04\/0000000000000000000000000-86-1024x682.jpg 1024w, https:\/\/elmetidosv.com\/wp-content\/uploads\/2020\/04\/0000000000000000000000000-86-300x200.jpg 300w, https:\/\/elmetidosv.com\/wp-content\/uploads\/2020\/04\/0000000000000000000000000-86-768x512.jpg 768w, https:\/\/elmetidosv.com\/wp-content\/uploads\/2020\/04\/0000000000000000000000000-86.jpg 1280w\" sizes=\"auto, (max-width: 1024px) 100vw, 1024px\" \/><\/figure><\/li><li class=\"blocks-gallery-item\"><figure><img loading=\"lazy\" decoding=\"async\" width=\"1024\" height=\"682\" src=\"http:\/\/elmetidosve.com\/wp-content\/uploads\/2020\/04\/000000000000000000-86.jpg\" alt=\"\" data-id=\"1900\" data-full-url=\"http:\/\/elmetidosve.com\/wp-content\/uploads\/2020\/04\/000000000000000000-86.jpg\" data-link=\"http:\/\/elmetidosve.com\/?attachment_id=1900\" class=\"wp-image-1900\" srcset=\"https:\/\/elmetidosv.com\/wp-content\/uploads\/2020\/04\/000000000000000000-86.jpg 1024w, https:\/\/elmetidosv.com\/wp-content\/uploads\/2020\/04\/000000000000000000-86-300x200.jpg 300w, https:\/\/elmetidosv.com\/wp-content\/uploads\/2020\/04\/000000000000000000-86-768x512.jpg 768w\" sizes=\"auto, (max-width: 1024px) 100vw, 1024px\" \/><\/figure><\/li><li class=\"blocks-gallery-item\"><figure><img loading=\"lazy\" decoding=\"async\" width=\"1024\" height=\"682\" src=\"http:\/\/elmetidosve.com\/wp-content\/uploads\/2020\/04\/000000000000000-71-1024x682.jpg\" alt=\"\" data-id=\"1901\" data-full-url=\"http:\/\/elmetidosve.com\/wp-content\/uploads\/2020\/04\/000000000000000-71.jpg\" data-link=\"http:\/\/elmetidosve.com\/?attachment_id=1901\" class=\"wp-image-1901\" srcset=\"https:\/\/elmetidosv.com\/wp-content\/uploads\/2020\/04\/000000000000000-71-1024x682.jpg 1024w, https:\/\/elmetidosv.com\/wp-content\/uploads\/2020\/04\/000000000000000-71-300x200.jpg 300w, https:\/\/elmetidosv.com\/wp-content\/uploads\/2020\/04\/000000000000000-71-768x512.jpg 768w, https:\/\/elmetidosv.com\/wp-content\/uploads\/2020\/04\/000000000000000-71.jpg 1280w\" sizes=\"auto, (max-width: 1024px) 100vw, 1024px\" \/><\/figure><\/li><\/ul><\/figure>\n\n\n\n<p>La Direcci\u00f3n General de Centros Penales (DGCP) orden\u00f3 sellar las celdas de los diferentes penales del pa\u00eds para que los pandilleros no puedan comunicarse a se\u00f1as entre ellos.<\/p>\n\n\n\n<p>Esta acci\u00f3n va de la mano con un r\u00e9gimen m\u00e1s estricto que ha implementado el gobierno del presidente de la Rep\u00fablica, Nayib Bukele, para enfrentar el flagelo de las pandillas.<\/p>\n\n\n\n<p>\u201cDe ahora en adelante, todas las celdas de pandilleros en nuestro pa\u00eds, permanecer\u00e1n selladas. Ya no se podr\u00e1 ver hacia afuera de la celda. Esto evitar\u00e1 que puedan comunicarse con se\u00f1as hacia el pasillo. Estar\u00e1n adentros, en lo oscuro, con sus amigos de la otra pandilla\u201d, expres\u00f3 el Presidente Bukele.<\/p>\n\n\n\n<p>Agregando que \u201cen la calle, seguimos capturando a todos los cabecillas de las 3 pandillas, ellos ir\u00e1n a esas celdas selladas, el pandillero que ponga resistencia ser\u00e1 abatido con fuerza proporcional y posiblemente letal por nuestra fuerza p\u00fablica\u201d, dijo.<\/p>\n\n\n\n<p>Por su parte, el director de Centros Penales, Osiris Luna, fue categ\u00f3rico al afirmar que este Gobierno ser\u00e1 dr\u00e1stico con las medidas de seguridad en los centros penales ante un repunte de criminalidad registrada desde finales de la semana pasada.<\/p>\n\n\n\n<p>Las autoridades detallaron que la medida de celda selladas se aplicar\u00e1 en los penales de Ciudad Barrios, San Francisco Gotera, Quezaltepeque, el Complejo Penitenciario de Izalco y el penal de Zacatecoluca.<\/p>\n","protected":false},"excerpt":{"rendered":"<p>La Direcci\u00f3n General de Centros Penales (DGCP) orden\u00f3 sellar las celdas de los diferentes penales del pa\u00eds para que los<\/p>\n","protected":false},"author":1,"featured_media":1899,"comment_status":"open","ping_status":"open","sticky":false,"template":"","format":"standard","meta":{"colormag_page_container_layout":"default_layout","colormag_page_sidebar_layout":"default_layout","footnotes":""},"categories":[1],"tags":[],"class_list":["post-1898","post","type-post","status-publish","format-standard","has-post-thumbnail","hentry","category-nacional"],"_links":{"self":[{"href":"https:\/\/elmetidosv.com\/index.php?rest_route=\/wp\/v2\/posts\/1898","targetHints":{"allow":["GET"]}}],"collection":[{"href":"https:\/\/elmetidosv.com\/index.php?rest_route=\/wp\/v2\/posts"}],"about":[{"href":"https:\/\/elmetidosv.com\/index.php?rest_route=\/wp\/v2\/types\/post"}],"author":[{"embeddable":true,"href":"https:\/\/elmetidosv.com\/index.php?rest_route=\/wp\/v2\/users\/1"}],"replies":[{"embeddable":true,"href":"https:\/\/elmetidosv.com\/index.php?rest_route=%2Fwp%2Fv2%2Fcomments&post=1898"}],"version-history":[{"count":1,"href":"https:\/\/elmetidosv.com\/index.php?rest_route=\/wp\/v2\/posts\/1898\/revisions"}],"predecessor-version":[{"id":1902,"href":"https:\/\/elmetidosv.com\/index.php?rest_route=\/wp\/v2\/posts\/1898\/revisions\/1902"}],"wp:featuredmedia":[{"embeddable":true,"href":"https:\/\/elmetidosv.com\/index.php?rest_route=\/wp\/v2\/media\/1899"}],"wp:attachment":[{"href":"https:\/\/elmetidosv.com\/index.php?rest_route=%2Fwp%2Fv2%2Fmedia&parent=1898"}],"wp:term":[{"taxonomy":"category","embeddable":true,"href":"https:\/\/elmetidosv.com\/index.php?rest_route=%2Fwp%2Fv2%2Fcategories&post=1898"},{"taxonomy":"post_tag","embeddable":true,"href":"https:\/\/elmetidosv.com\/index.php?rest_route=%2Fwp%2Fv2%2Ftags&post=1898"}],"curies":[{"name":"wp","href":"https:\/\/api.w.org\/{rel}","templated":true}]}}