{"id":18970,"date":"2022-03-30T14:40:17","date_gmt":"2022-03-30T20:40:17","guid":{"rendered":"http:\/\/elmetidosve.com\/?p=18970"},"modified":"2022-03-30T14:40:17","modified_gmt":"2022-03-30T20:40:17","slug":"camara-confirma-que-catalino-miranda-debe-seguir-preso","status":"publish","type":"post","link":"https:\/\/elmetidosv.com\/?p=18970","title":{"rendered":"C\u00e1mara confirma que Catalino Miranda debe seguir preso"},"content":{"rendered":"<p>El empresario de la ruta de microbuses 42 y de buses 152, Catalino Miranda, debe seguir preso en la etapa de instrucci\u00f3n del juicio en su contra.<\/p>\n<p>La C\u00e1mara Tercera de lo Penal ha resuelto que Miranda debe seguir preso mientras se desarrolla el juicio en su contra, por el delito de des\u00f3rdenes p\u00fablicos.<\/p>\n<p>A criterio de la citada C\u00e1mara existe una evidente \u201cfalta de arraigos laborales\u201d de parte del procesado en este caso.<\/p>\n<p>Los magistrados de la C\u00e1mara sostienen que una vez que recupere su libertad, Miranda puede entorpecer las investigaciones que se desarrollan en su contra.<\/p>\n<p>El empresario de microbuses fue detenido en flagrancia el pasado 12 de marzo, mientras intentaba detener un procedimiento de la Polic\u00eda Nacional Civil (PNC).<\/p>\n<p>La defensa de Miranda present\u00f3 el 20 de marzo una apelaci\u00f3n a la resoluci\u00f3n del juez de paz, intentado liberar al transportista.<\/p>\n","protected":false},"excerpt":{"rendered":"<p>El empresario de la ruta de microbuses 42 y de buses 152, Catalino Miranda, debe seguir preso en la etapa<\/p>\n","protected":false},"author":2,"featured_media":18971,"comment_status":"open","ping_status":"open","sticky":false,"template":"","format":"standard","meta":{"colormag_page_container_layout":"default_layout","colormag_page_sidebar_layout":"default_layout","footnotes":""},"categories":[1],"tags":[],"class_list":["post-18970","post","type-post","status-publish","format-standard","has-post-thumbnail","hentry","category-nacional"],"_links":{"self":[{"href":"https:\/\/elmetidosv.com\/index.php?rest_route=\/wp\/v2\/posts\/18970","targetHints":{"allow":["GET"]}}],"collection":[{"href":"https:\/\/elmetidosv.com\/index.php?rest_route=\/wp\/v2\/posts"}],"about":[{"href":"https:\/\/elmetidosv.com\/index.php?rest_route=\/wp\/v2\/types\/post"}],"author":[{"embeddable":true,"href":"https:\/\/elmetidosv.com\/index.php?rest_route=\/wp\/v2\/users\/2"}],"replies":[{"embeddable":true,"href":"https:\/\/elmetidosv.com\/index.php?rest_route=%2Fwp%2Fv2%2Fcomments&post=18970"}],"version-history":[{"count":1,"href":"https:\/\/elmetidosv.com\/index.php?rest_route=\/wp\/v2\/posts\/18970\/revisions"}],"predecessor-version":[{"id":18972,"href":"https:\/\/elmetidosv.com\/index.php?rest_route=\/wp\/v2\/posts\/18970\/revisions\/18972"}],"wp:featuredmedia":[{"embeddable":true,"href":"https:\/\/elmetidosv.com\/index.php?rest_route=\/wp\/v2\/media\/18971"}],"wp:attachment":[{"href":"https:\/\/elmetidosv.com\/index.php?rest_route=%2Fwp%2Fv2%2Fmedia&parent=18970"}],"wp:term":[{"taxonomy":"category","embeddable":true,"href":"https:\/\/elmetidosv.com\/index.php?rest_route=%2Fwp%2Fv2%2Fcategories&post=18970"},{"taxonomy":"post_tag","embeddable":true,"href":"https:\/\/elmetidosv.com\/index.php?rest_route=%2Fwp%2Fv2%2Ftags&post=18970"}],"curies":[{"name":"wp","href":"https:\/\/api.w.org\/{rel}","templated":true}]}}