{"id":18935,"date":"2022-03-26T13:02:51","date_gmt":"2022-03-26T19:02:51","guid":{"rendered":"http:\/\/elmetidosve.com\/?p=18935"},"modified":"2022-03-26T13:02:51","modified_gmt":"2022-03-26T19:02:51","slug":"muere-el-baterista-de-foo-fighters-taylor-hawkins-en-bogota","status":"publish","type":"post","link":"https:\/\/elmetidosv.com\/?p=18935","title":{"rendered":"Muere el baterista de Foo Fighters, Taylor Hawkins, en Bogot\u00e1"},"content":{"rendered":"<p>Tristes noticias para el mundo del rock. El baterista de Foo Fighters, Taylor Hawkins, falleci\u00f3 la noche de este viernes en su habitaci\u00f3n de hotel en Bogot\u00e1, Colombia, donde la banda estaba programada para tocar cerrando un festival.<\/p>\n<p>Por ahora, no se conocen las causas de su muerte, pero la polic\u00eda se encuentra haciendo las pesquisas.<\/p>\n<p>La noticia fue dada a conocer por Foo Fighters a trav\u00e9s de un comunicado en su cuenta de Twitter.<\/p>\n<p>\u00abLa familia Foo Fighters est\u00e1 devastada por la tr\u00e1gica y prematura p\u00e9rdida de nuestro amado Taylor Hawkins\u00bb, dice la publicaci\u00f3n.<\/p>\n<p>\u00abSu esp\u00edritu musical y risa contagiosa vivir\u00e1 con todos nosotros por siempre. Nuestros corazones est\u00e1n con su esposa, hijos y familia, y pedimos que su privacidad sea tratada con m\u00e1ximo respeto en este inimaginable dif\u00edcil momento\u00bb.<\/p>\n<p>La banda estaba en una gira por Am\u00e9rica Latina. Ya se hab\u00edan presentado en M\u00e9xico, Argentina y Chile y estaban por realizar conciertos en Colombia y Brasil.<\/p>\n<p>Reci\u00e9n el pasado martes, Hawkins cumpli\u00f3 el sue\u00f1o de una ni\u00f1a paraguaya, Emma Peralta, quien quer\u00eda conocerlo en persona.<\/p>\n","protected":false},"excerpt":{"rendered":"<p>Tristes noticias para el mundo del rock. El baterista de Foo Fighters, Taylor Hawkins, falleci\u00f3 la noche de este viernes<\/p>\n","protected":false},"author":2,"featured_media":18936,"comment_status":"open","ping_status":"open","sticky":false,"template":"","format":"standard","meta":{"colormag_page_container_layout":"default_layout","colormag_page_sidebar_layout":"default_layout","footnotes":""},"categories":[9,3],"tags":[],"class_list":["post-18935","post","type-post","status-publish","format-standard","has-post-thumbnail","hentry","category-espectaculos","category-internacional"],"_links":{"self":[{"href":"https:\/\/elmetidosv.com\/index.php?rest_route=\/wp\/v2\/posts\/18935","targetHints":{"allow":["GET"]}}],"collection":[{"href":"https:\/\/elmetidosv.com\/index.php?rest_route=\/wp\/v2\/posts"}],"about":[{"href":"https:\/\/elmetidosv.com\/index.php?rest_route=\/wp\/v2\/types\/post"}],"author":[{"embeddable":true,"href":"https:\/\/elmetidosv.com\/index.php?rest_route=\/wp\/v2\/users\/2"}],"replies":[{"embeddable":true,"href":"https:\/\/elmetidosv.com\/index.php?rest_route=%2Fwp%2Fv2%2Fcomments&post=18935"}],"version-history":[{"count":1,"href":"https:\/\/elmetidosv.com\/index.php?rest_route=\/wp\/v2\/posts\/18935\/revisions"}],"predecessor-version":[{"id":18937,"href":"https:\/\/elmetidosv.com\/index.php?rest_route=\/wp\/v2\/posts\/18935\/revisions\/18937"}],"wp:featuredmedia":[{"embeddable":true,"href":"https:\/\/elmetidosv.com\/index.php?rest_route=\/wp\/v2\/media\/18936"}],"wp:attachment":[{"href":"https:\/\/elmetidosv.com\/index.php?rest_route=%2Fwp%2Fv2%2Fmedia&parent=18935"}],"wp:term":[{"taxonomy":"category","embeddable":true,"href":"https:\/\/elmetidosv.com\/index.php?rest_route=%2Fwp%2Fv2%2Fcategories&post=18935"},{"taxonomy":"post_tag","embeddable":true,"href":"https:\/\/elmetidosv.com\/index.php?rest_route=%2Fwp%2Fv2%2Ftags&post=18935"}],"curies":[{"name":"wp","href":"https:\/\/api.w.org\/{rel}","templated":true}]}}