{"id":18932,"date":"2022-03-25T17:52:54","date_gmt":"2022-03-25T23:52:54","guid":{"rendered":"http:\/\/elmetidosve.com\/?p=18932"},"modified":"2022-03-25T17:52:54","modified_gmt":"2022-03-25T23:52:54","slug":"envian-a-mariona-a-maestro-de-colegio-de-altavista-por-tocar-las-partes-intimas-de-una-alumna","status":"publish","type":"post","link":"https:\/\/elmetidosv.com\/?p=18932","title":{"rendered":"Env\u00edan a Mariona a maestro de colegio de Altavista por tocar las partes \u00edntimas de una alumna"},"content":{"rendered":"<p>Ren\u00e9 Armando Mata estar\u00e1 en prisi\u00f3n provisional por el delito de agresi\u00f3n sexual en Menor o Incapaz en perjuicio de una v\u00edctima de 14 a\u00f1os, ha confirmado esta tarde la Fiscal\u00eda General de la Rep\u00fablica (FGR).<\/p>\n<p>Mata era profesor de un colegio de Altavista y de la v\u00edctima a quien toc\u00f3 de manera inapropiada el pasado 21 de marzo de 2022.<\/p>\n<p>Mata fue capturado por la Polic\u00eda el pasado 23 de marzo en el marco del Plan Control Territorial, por lo que fue llevado al tribunal correspondiente para ser procesado del delito que es acusado.<\/p>\n<p>Seg\u00fan la PNC en su cuenta de Twitter, el sospechoso trabaja en el colegio Fernando Llort de Altavista, del municipio de San Mart\u00edn.<\/p>\n<p>Por tal raz\u00f3n, el juzgado ah validado las pruebas suficientes presentadas en si contra, por lo que deber\u00e1 continuar su proceso desde un centro penal.<\/p>\n","protected":false},"excerpt":{"rendered":"<p>Ren\u00e9 Armando Mata estar\u00e1 en prisi\u00f3n provisional por el delito de agresi\u00f3n sexual en Menor o Incapaz en perjuicio de<\/p>\n","protected":false},"author":2,"featured_media":18933,"comment_status":"open","ping_status":"open","sticky":false,"template":"","format":"standard","meta":{"colormag_page_container_layout":"default_layout","colormag_page_sidebar_layout":"default_layout","footnotes":""},"categories":[1],"tags":[],"class_list":["post-18932","post","type-post","status-publish","format-standard","has-post-thumbnail","hentry","category-nacional"],"_links":{"self":[{"href":"https:\/\/elmetidosv.com\/index.php?rest_route=\/wp\/v2\/posts\/18932","targetHints":{"allow":["GET"]}}],"collection":[{"href":"https:\/\/elmetidosv.com\/index.php?rest_route=\/wp\/v2\/posts"}],"about":[{"href":"https:\/\/elmetidosv.com\/index.php?rest_route=\/wp\/v2\/types\/post"}],"author":[{"embeddable":true,"href":"https:\/\/elmetidosv.com\/index.php?rest_route=\/wp\/v2\/users\/2"}],"replies":[{"embeddable":true,"href":"https:\/\/elmetidosv.com\/index.php?rest_route=%2Fwp%2Fv2%2Fcomments&post=18932"}],"version-history":[{"count":1,"href":"https:\/\/elmetidosv.com\/index.php?rest_route=\/wp\/v2\/posts\/18932\/revisions"}],"predecessor-version":[{"id":18934,"href":"https:\/\/elmetidosv.com\/index.php?rest_route=\/wp\/v2\/posts\/18932\/revisions\/18934"}],"wp:featuredmedia":[{"embeddable":true,"href":"https:\/\/elmetidosv.com\/index.php?rest_route=\/wp\/v2\/media\/18933"}],"wp:attachment":[{"href":"https:\/\/elmetidosv.com\/index.php?rest_route=%2Fwp%2Fv2%2Fmedia&parent=18932"}],"wp:term":[{"taxonomy":"category","embeddable":true,"href":"https:\/\/elmetidosv.com\/index.php?rest_route=%2Fwp%2Fv2%2Fcategories&post=18932"},{"taxonomy":"post_tag","embeddable":true,"href":"https:\/\/elmetidosv.com\/index.php?rest_route=%2Fwp%2Fv2%2Ftags&post=18932"}],"curies":[{"name":"wp","href":"https:\/\/api.w.org\/{rel}","templated":true}]}}