{"id":1893,"date":"2020-04-27T18:22:21","date_gmt":"2020-04-28T00:22:21","guid":{"rendered":"http:\/\/elmetidosve.com\/?p=1893"},"modified":"2020-04-27T18:22:29","modified_gmt":"2020-04-28T00:22:29","slug":"autoridades-logran-la-captura-de-alias-cuto-y-mentiroso-peligrosos-pandilleros-de-la-ms-13","status":"publish","type":"post","link":"https:\/\/elmetidosv.com\/?p=1893","title":{"rendered":"Autoridades logran la captura de alias \u201cCuto\u201d y \u201cmentiroso\u201d, peligrosos pandilleros de la MS-13"},"content":{"rendered":"\n<figure class=\"wp-block-gallery columns-2 is-cropped wp-block-gallery-1 is-layout-flex wp-block-gallery-is-layout-flex\"><ul class=\"blocks-gallery-grid\"><li class=\"blocks-gallery-item\"><figure><img loading=\"lazy\" decoding=\"async\" width=\"270\" height=\"360\" src=\"http:\/\/elmetidosve.com\/wp-content\/uploads\/2020\/04\/000000000000000-70.jpg\" alt=\"\" data-id=\"1894\" data-full-url=\"http:\/\/elmetidosve.com\/wp-content\/uploads\/2020\/04\/000000000000000-70.jpg\" data-link=\"http:\/\/elmetidosve.com\/?attachment_id=1894\" class=\"wp-image-1894\" srcset=\"https:\/\/elmetidosv.com\/wp-content\/uploads\/2020\/04\/000000000000000-70.jpg 270w, https:\/\/elmetidosv.com\/wp-content\/uploads\/2020\/04\/000000000000000-70-225x300.jpg 225w\" sizes=\"auto, (max-width: 270px) 100vw, 270px\" \/><\/figure><\/li><li class=\"blocks-gallery-item\"><figure><img loading=\"lazy\" decoding=\"async\" width=\"270\" height=\"360\" src=\"http:\/\/elmetidosve.com\/wp-content\/uploads\/2020\/04\/00000-27.jpg\" alt=\"\" data-id=\"1895\" data-full-url=\"http:\/\/elmetidosve.com\/wp-content\/uploads\/2020\/04\/00000-27.jpg\" data-link=\"http:\/\/elmetidosve.com\/?attachment_id=1895\" class=\"wp-image-1895\" srcset=\"https:\/\/elmetidosv.com\/wp-content\/uploads\/2020\/04\/00000-27.jpg 270w, https:\/\/elmetidosv.com\/wp-content\/uploads\/2020\/04\/00000-27-225x300.jpg 225w\" sizes=\"auto, (max-width: 270px) 100vw, 270px\" \/><\/figure><\/li><\/ul><\/figure>\n\n\n\n<p>El Fiscal General de la Rep\u00fablica, Ra\u00fal Melara, dio a conocer la m\u00e1s reciente captura de dos peligrosos pandilleros de la MS-13 que amedrentaban con la seguridad de los salvadore\u00f1os.<\/p>\n\n\n\n<p>Los delincuentes fueron identificados como \u00d3scar William Mel\u00e9ndez Herrera, de 41 a\u00f1os de edad, alias Chiquit\u00edn, BlackBerry o Cuto; y el otro como Jos\u00e9 Dar\u00edo Ruiz Peraza, con el alias AR o Mentiroso.<\/p>\n\n\n\n<p>De acuerdo con la informaci\u00f3n del Fiscal, estos sujetos son parte de los responsables en coordinaban el repunte de hechos delictivos el pasado fin de semana.<\/p>\n\n\n\n<p>Asimismo, se\u00f1al\u00f3 que estas capturas forman parte de un trabajo en conjunto entre la Fiscal\u00eda General de la Rep\u00fablica y agentes de la Polic\u00eda Nacional Civil (PNC).<\/p>\n\n\n\n<p>En los \u00faltimos d\u00edas, las autoridades han dado un duro golpe a las estructuras criminales arrestando a sus palabreros, gatilleros jainas y cabecillas en diferentes puntos del territorio nacional.<\/p>\n","protected":false},"excerpt":{"rendered":"<p>El Fiscal General de la Rep\u00fablica, Ra\u00fal Melara, dio a conocer la m\u00e1s reciente captura de dos peligrosos pandilleros de<\/p>\n","protected":false},"author":1,"featured_media":1896,"comment_status":"open","ping_status":"open","sticky":false,"template":"","format":"standard","meta":{"colormag_page_container_layout":"default_layout","colormag_page_sidebar_layout":"default_layout","footnotes":""},"categories":[1],"tags":[],"class_list":["post-1893","post","type-post","status-publish","format-standard","has-post-thumbnail","hentry","category-nacional"],"_links":{"self":[{"href":"https:\/\/elmetidosv.com\/index.php?rest_route=\/wp\/v2\/posts\/1893","targetHints":{"allow":["GET"]}}],"collection":[{"href":"https:\/\/elmetidosv.com\/index.php?rest_route=\/wp\/v2\/posts"}],"about":[{"href":"https:\/\/elmetidosv.com\/index.php?rest_route=\/wp\/v2\/types\/post"}],"author":[{"embeddable":true,"href":"https:\/\/elmetidosv.com\/index.php?rest_route=\/wp\/v2\/users\/1"}],"replies":[{"embeddable":true,"href":"https:\/\/elmetidosv.com\/index.php?rest_route=%2Fwp%2Fv2%2Fcomments&post=1893"}],"version-history":[{"count":1,"href":"https:\/\/elmetidosv.com\/index.php?rest_route=\/wp\/v2\/posts\/1893\/revisions"}],"predecessor-version":[{"id":1897,"href":"https:\/\/elmetidosv.com\/index.php?rest_route=\/wp\/v2\/posts\/1893\/revisions\/1897"}],"wp:featuredmedia":[{"embeddable":true,"href":"https:\/\/elmetidosv.com\/index.php?rest_route=\/wp\/v2\/media\/1896"}],"wp:attachment":[{"href":"https:\/\/elmetidosv.com\/index.php?rest_route=%2Fwp%2Fv2%2Fmedia&parent=1893"}],"wp:term":[{"taxonomy":"category","embeddable":true,"href":"https:\/\/elmetidosv.com\/index.php?rest_route=%2Fwp%2Fv2%2Fcategories&post=1893"},{"taxonomy":"post_tag","embeddable":true,"href":"https:\/\/elmetidosv.com\/index.php?rest_route=%2Fwp%2Fv2%2Ftags&post=1893"}],"curies":[{"name":"wp","href":"https:\/\/api.w.org\/{rel}","templated":true}]}}