{"id":18873,"date":"2022-03-17T17:44:48","date_gmt":"2022-03-17T23:44:48","guid":{"rendered":"http:\/\/elmetidosve.com\/?p=18873"},"modified":"2022-03-17T17:44:48","modified_gmt":"2022-03-17T23:44:48","slug":"la-onu-establece-una-relacion-formal-con-afganistan-bajo-gobierno-taliban","status":"publish","type":"post","link":"https:\/\/elmetidosv.com\/?p=18873","title":{"rendered":"La ONU establece una relaci\u00f3n formal con Afganist\u00e1n bajo gobierno talib\u00e1n"},"content":{"rendered":"<p>Este jueves, el Consejo de Seguridad de la ONU aprob\u00f3 establecer una relaci\u00f3n formal y duradera con el Afganist\u00e1n gobernado por los talibanes, aunque a\u00fan no cuentan con reconocimiento internacional.<\/p>\n<p>La agencia AFP inform\u00f3 que la resoluci\u00f3n no utiliza la palabra \u201ctalib\u00e1n\u201d. El nuevo mandato de la misi\u00f3n pol\u00edtica de la ONU en Afganist\u00e1n por un a\u00f1o y fue aprobada por 14 votos, con la \u00fanica abstenci\u00f3n de Rusia.<\/p>\n<p>La ONU detall\u00f3 que se tratar\u00e1 de fomentar el fortalecimiento de la cooperaci\u00f3n entre todos los grupos \u00e9tnicos y en todas las \u00e1reas del pa\u00eds para ayudar a las personas necesitadas \u00abincluidas las mujeres, los ni\u00f1os, las personas desplazadas, las minor\u00edas y las personas con discapacidades\u00bb.<\/p>\n<p>De igual forma, se centrar\u00e1 en promover el regreso y la reintegraci\u00f3n de la poblaci\u00f3n desplazada y refugiada por la ofensiva lanzada por los talibanes antes de hacerse con el control de todo el pa\u00eds.<\/p>\n<p>\u00abLa adopci\u00f3n por parte del Consejo de Seguridad de un mandato nuevo y s\u00f3lido para la UNAMA demuestra el compromiso duradero de la comunidad internacional con el pueblo de Afganist\u00e1n y con el trabajo de las Naciones Unidas en su apoyo\u00bb, dijo el alto funcionario de Estados Unidos Jeffrey DeLaurentis en un comunicado.<\/p>\n<p>Ante esto, el portavoz de la ONU, St\u00e9phane Dujarric, fue cuestionado si las autoridades talibanes han sido reconocidas por la ONU, a lo que respondi\u00f3 que no hay reconocimiento porque eso no depende del Secretario General sino de los estados miembros.<\/p>\n","protected":false},"excerpt":{"rendered":"<p>Este jueves, el Consejo de Seguridad de la ONU aprob\u00f3 establecer una relaci\u00f3n formal y duradera con el Afganist\u00e1n gobernado<\/p>\n","protected":false},"author":2,"featured_media":18874,"comment_status":"open","ping_status":"open","sticky":false,"template":"","format":"standard","meta":{"colormag_page_container_layout":"default_layout","colormag_page_sidebar_layout":"default_layout","footnotes":""},"categories":[3],"tags":[],"class_list":["post-18873","post","type-post","status-publish","format-standard","has-post-thumbnail","hentry","category-internacional"],"_links":{"self":[{"href":"https:\/\/elmetidosv.com\/index.php?rest_route=\/wp\/v2\/posts\/18873","targetHints":{"allow":["GET"]}}],"collection":[{"href":"https:\/\/elmetidosv.com\/index.php?rest_route=\/wp\/v2\/posts"}],"about":[{"href":"https:\/\/elmetidosv.com\/index.php?rest_route=\/wp\/v2\/types\/post"}],"author":[{"embeddable":true,"href":"https:\/\/elmetidosv.com\/index.php?rest_route=\/wp\/v2\/users\/2"}],"replies":[{"embeddable":true,"href":"https:\/\/elmetidosv.com\/index.php?rest_route=%2Fwp%2Fv2%2Fcomments&post=18873"}],"version-history":[{"count":1,"href":"https:\/\/elmetidosv.com\/index.php?rest_route=\/wp\/v2\/posts\/18873\/revisions"}],"predecessor-version":[{"id":18875,"href":"https:\/\/elmetidosv.com\/index.php?rest_route=\/wp\/v2\/posts\/18873\/revisions\/18875"}],"wp:featuredmedia":[{"embeddable":true,"href":"https:\/\/elmetidosv.com\/index.php?rest_route=\/wp\/v2\/media\/18874"}],"wp:attachment":[{"href":"https:\/\/elmetidosv.com\/index.php?rest_route=%2Fwp%2Fv2%2Fmedia&parent=18873"}],"wp:term":[{"taxonomy":"category","embeddable":true,"href":"https:\/\/elmetidosv.com\/index.php?rest_route=%2Fwp%2Fv2%2Fcategories&post=18873"},{"taxonomy":"post_tag","embeddable":true,"href":"https:\/\/elmetidosv.com\/index.php?rest_route=%2Fwp%2Fv2%2Ftags&post=18873"}],"curies":[{"name":"wp","href":"https:\/\/api.w.org\/{rel}","templated":true}]}}