{"id":18821,"date":"2022-03-08T14:14:21","date_gmt":"2022-03-08T20:14:21","guid":{"rendered":"http:\/\/elmetidosve.com\/?p=18821"},"modified":"2022-03-08T14:14:21","modified_gmt":"2022-03-08T20:14:21","slug":"entregan-reconocimiento-a-alianza-futbol-club-por-su-corona-numero-16","status":"publish","type":"post","link":"https:\/\/elmetidosv.com\/?p=18821","title":{"rendered":"Entregan reconocimiento a Alianza F\u00fatbol Club por su corona n\u00famero 16"},"content":{"rendered":"<p>Los jugadores del Alianza recibieron este martes un reconocimiento por parte de la Asamblea Legislativa por su t\u00edtulo 16 como campe\u00f3n de la Primera de Divisi\u00f3n de Futbol.<\/p>\n<p>Alianza logr\u00f3 dicho t\u00edtulo en diciembre del 2021 tras vencer al Platense en el estadio Cuscatl\u00e1n.<\/p>\n<p>\u201cAlianza es una instituci\u00f3n que nos ha tra\u00eddo muchas alegr\u00edas, han pasado por ella muchas personas que nos han dejado un gran legado\u201d, afirm\u00f3 el diputado presidente del \u00d3rgano Legislativo, Ernesto Castro.<\/p>\n<p>En el presente campeonato, el club paquidermo est\u00e1 en la tercera posici\u00f3n con 19 unidades y est\u00e1 a cuatro puntos del l\u00edder Chalatenango que tiene 23.<\/p>\n","protected":false},"excerpt":{"rendered":"<p>Los jugadores del Alianza recibieron este martes un reconocimiento por parte de la Asamblea Legislativa por su t\u00edtulo 16 como<\/p>\n","protected":false},"author":2,"featured_media":18822,"comment_status":"open","ping_status":"open","sticky":false,"template":"","format":"standard","meta":{"colormag_page_container_layout":"default_layout","colormag_page_sidebar_layout":"default_layout","footnotes":""},"categories":[1],"tags":[],"class_list":["post-18821","post","type-post","status-publish","format-standard","has-post-thumbnail","hentry","category-nacional"],"_links":{"self":[{"href":"https:\/\/elmetidosv.com\/index.php?rest_route=\/wp\/v2\/posts\/18821","targetHints":{"allow":["GET"]}}],"collection":[{"href":"https:\/\/elmetidosv.com\/index.php?rest_route=\/wp\/v2\/posts"}],"about":[{"href":"https:\/\/elmetidosv.com\/index.php?rest_route=\/wp\/v2\/types\/post"}],"author":[{"embeddable":true,"href":"https:\/\/elmetidosv.com\/index.php?rest_route=\/wp\/v2\/users\/2"}],"replies":[{"embeddable":true,"href":"https:\/\/elmetidosv.com\/index.php?rest_route=%2Fwp%2Fv2%2Fcomments&post=18821"}],"version-history":[{"count":1,"href":"https:\/\/elmetidosv.com\/index.php?rest_route=\/wp\/v2\/posts\/18821\/revisions"}],"predecessor-version":[{"id":18823,"href":"https:\/\/elmetidosv.com\/index.php?rest_route=\/wp\/v2\/posts\/18821\/revisions\/18823"}],"wp:featuredmedia":[{"embeddable":true,"href":"https:\/\/elmetidosv.com\/index.php?rest_route=\/wp\/v2\/media\/18822"}],"wp:attachment":[{"href":"https:\/\/elmetidosv.com\/index.php?rest_route=%2Fwp%2Fv2%2Fmedia&parent=18821"}],"wp:term":[{"taxonomy":"category","embeddable":true,"href":"https:\/\/elmetidosv.com\/index.php?rest_route=%2Fwp%2Fv2%2Fcategories&post=18821"},{"taxonomy":"post_tag","embeddable":true,"href":"https:\/\/elmetidosv.com\/index.php?rest_route=%2Fwp%2Fv2%2Ftags&post=18821"}],"curies":[{"name":"wp","href":"https:\/\/api.w.org\/{rel}","templated":true}]}}