{"id":1874,"date":"2020-04-27T17:38:14","date_gmt":"2020-04-27T23:38:14","guid":{"rendered":"http:\/\/elmetidosve.com\/?p=1874"},"modified":"2020-04-27T17:38:20","modified_gmt":"2020-04-27T23:38:20","slug":"autoridades-detectan-nuevas-formas-de-comunicacion-entre-privados-de-libertad-en-centros-penales","status":"publish","type":"post","link":"https:\/\/elmetidosv.com\/?p=1874","title":{"rendered":"Autoridades detectan nuevas formas de comunicaci\u00f3n entre privados de libertad en Centros Penales"},"content":{"rendered":"\n<figure class=\"wp-block-gallery columns-2 is-cropped wp-block-gallery-1 is-layout-flex wp-block-gallery-is-layout-flex\"><ul class=\"blocks-gallery-grid\"><li class=\"blocks-gallery-item\"><figure><img loading=\"lazy\" decoding=\"async\" width=\"680\" height=\"453\" src=\"http:\/\/elmetidosve.com\/wp-content\/uploads\/2020\/04\/0000000000000000000000000-83.jpg\" alt=\"\" data-id=\"1875\" data-full-url=\"http:\/\/elmetidosve.com\/wp-content\/uploads\/2020\/04\/0000000000000000000000000-83.jpg\" data-link=\"http:\/\/elmetidosve.com\/?attachment_id=1875\" class=\"wp-image-1875\" srcset=\"https:\/\/elmetidosv.com\/wp-content\/uploads\/2020\/04\/0000000000000000000000000-83.jpg 680w, https:\/\/elmetidosv.com\/wp-content\/uploads\/2020\/04\/0000000000000000000000000-83-300x200.jpg 300w\" sizes=\"auto, (max-width: 680px) 100vw, 680px\" \/><\/figure><\/li><li class=\"blocks-gallery-item\"><figure><img loading=\"lazy\" decoding=\"async\" width=\"680\" height=\"453\" src=\"http:\/\/elmetidosve.com\/wp-content\/uploads\/2020\/04\/000000000000000000-84.jpg\" alt=\"\" data-id=\"1876\" data-full-url=\"http:\/\/elmetidosve.com\/wp-content\/uploads\/2020\/04\/000000000000000000-84.jpg\" data-link=\"http:\/\/elmetidosve.com\/?attachment_id=1876\" class=\"wp-image-1876\" srcset=\"https:\/\/elmetidosv.com\/wp-content\/uploads\/2020\/04\/000000000000000000-84.jpg 680w, https:\/\/elmetidosv.com\/wp-content\/uploads\/2020\/04\/000000000000000000-84-300x200.jpg 300w\" sizes=\"auto, (max-width: 680px) 100vw, 680px\" \/><\/figure><\/li><\/ul><\/figure>\n\n\n\n<p>Las requisas y trabajos de inteligencia en los centros penitenciarios han descubierto que los pandilleros privados de libertad ya no est\u00e1n utilizando las \u201chuilas\u201d como parte de su comunicaci\u00f3n, revel\u00f3 esta ma\u00f1ana en titular de la Direcci\u00f3n General de Centros Penales (DGCP) y Viceministro de Justicia, Osiris Luna Meza.<\/p>\n\n\n\n<p>\u201cEllos est\u00e1n tomando nuevas formas, por ello como Gobierno tambi\u00e9n vamos a tomar m\u00e1s acciones\u201d inform\u00f3 el funcionario en una conferencia de prensa en la cual detall\u00f3 las medidas implementadas en los penales luego durante el fin de semana.<\/p>\n\n\n\n<p>El cambio de comunicaci\u00f3n ser\u00eda una respuesta por parte de los privados de libertad luego que las autoridades penitenciarias descubrieran su forma de operar y les impidieran enviar mensajes \u201cocultos\u201d al exterior.<\/p>\n\n\n\n<p>El director Luna Meza detall\u00f3 que en los penales se est\u00e1n desarrollando medidas estrictas contra los criminales, ya que las estructuras han girado \u00f3rdenes de incrementar su accionar delincuencial en los \u00faltimos d\u00edas.<\/p>\n\n\n\n<p>\u201cEl pueblo salvadore\u00f1o va ser testigo que con el Estado ninguna estructura criminal va a jugar, el Presidente ha sido categ\u00f3rico y vamos a respetar el marco jur\u00eddico, nuestro deber es cuidar a todas las familias salvadore\u00f1as\u201d detall\u00f3 el funcionario.<\/p>\n\n\n\n<p>De acuerdo con las investigaciones desarrolladas en los penales, se ha establecido que los internos han adoptado una posible comunicaci\u00f3n por se\u00f1as, con las cuales habr\u00edan enviado mensajes de celda a celda.<\/p>\n\n\n\n<p>\u201cSi ha salido una orden de aqu\u00ed (penal de Izalco, Sonsonate), no es por llamadas porque no hay se\u00f1al (de telecomunicaciones), no hay visitas, esto ha sido por la comunicaci\u00f3n por se\u00f1as que han adoptado de celda a celda y llevada por las personas que han salido en libertad\u201d afirm\u00f3 el director de Centros Penales.<\/p>\n\n\n\n<p>Ante este proceder, se han tomado nuevas medidas como las implementadas en penales de m\u00e1xima seguridad. \u201cLos privados de libertad le tienen miedo al r\u00e9gimen implementado en Zacatecoluca, desde este d\u00eda lo van a vivir en todos los centros penales\u201d, agreg\u00f3 el funcionario.<\/p>\n\n\n\n<p><\/p>\n","protected":false},"excerpt":{"rendered":"<p>Las requisas y trabajos de inteligencia en los centros penitenciarios han descubierto que los pandilleros privados de libertad ya no<\/p>\n","protected":false},"author":1,"featured_media":1875,"comment_status":"open","ping_status":"open","sticky":false,"template":"","format":"standard","meta":{"colormag_page_container_layout":"default_layout","colormag_page_sidebar_layout":"default_layout","footnotes":""},"categories":[1],"tags":[],"class_list":["post-1874","post","type-post","status-publish","format-standard","has-post-thumbnail","hentry","category-nacional"],"_links":{"self":[{"href":"https:\/\/elmetidosv.com\/index.php?rest_route=\/wp\/v2\/posts\/1874","targetHints":{"allow":["GET"]}}],"collection":[{"href":"https:\/\/elmetidosv.com\/index.php?rest_route=\/wp\/v2\/posts"}],"about":[{"href":"https:\/\/elmetidosv.com\/index.php?rest_route=\/wp\/v2\/types\/post"}],"author":[{"embeddable":true,"href":"https:\/\/elmetidosv.com\/index.php?rest_route=\/wp\/v2\/users\/1"}],"replies":[{"embeddable":true,"href":"https:\/\/elmetidosv.com\/index.php?rest_route=%2Fwp%2Fv2%2Fcomments&post=1874"}],"version-history":[{"count":1,"href":"https:\/\/elmetidosv.com\/index.php?rest_route=\/wp\/v2\/posts\/1874\/revisions"}],"predecessor-version":[{"id":1877,"href":"https:\/\/elmetidosv.com\/index.php?rest_route=\/wp\/v2\/posts\/1874\/revisions\/1877"}],"wp:featuredmedia":[{"embeddable":true,"href":"https:\/\/elmetidosv.com\/index.php?rest_route=\/wp\/v2\/media\/1875"}],"wp:attachment":[{"href":"https:\/\/elmetidosv.com\/index.php?rest_route=%2Fwp%2Fv2%2Fmedia&parent=1874"}],"wp:term":[{"taxonomy":"category","embeddable":true,"href":"https:\/\/elmetidosv.com\/index.php?rest_route=%2Fwp%2Fv2%2Fcategories&post=1874"},{"taxonomy":"post_tag","embeddable":true,"href":"https:\/\/elmetidosv.com\/index.php?rest_route=%2Fwp%2Fv2%2Ftags&post=1874"}],"curies":[{"name":"wp","href":"https:\/\/api.w.org\/{rel}","templated":true}]}}