{"id":18656,"date":"2022-02-05T19:09:27","date_gmt":"2022-02-06T01:09:27","guid":{"rendered":"http:\/\/elmetidosve.com\/?p=18656"},"modified":"2022-02-05T19:12:06","modified_gmt":"2022-02-06T01:12:06","slug":"26-muertos-en-nuevo-cuscatlan","status":"publish","type":"post","link":"https:\/\/elmetidosv.com\/?p=18656","title":{"rendered":"26 muertos en Nuevo Cuscatl\u00e1n"},"content":{"rendered":"<div class=\"cxmmr5t8 oygrvhab hcukyx3x c1et5uql o9v6fnle ii04i59q\">\n<div dir=\"auto\">El Ministro de Justicia y Seguridad, Gustavo Villatoro, confirm\u00f3 que han extra\u00eddo 26 cuerpos del cementerio clandestino ubicado en la Finca Suiza, en el municipio de Nuevo Cuscatl\u00e1n, La Libertad<\/div>\n<\/div>\n<div dir=\"auto\"><\/div>\n<div class=\"cxmmr5t8 oygrvhab hcukyx3x c1et5uql o9v6fnle ii04i59q\">\n<div dir=\"auto\"><img loading=\"lazy\" decoding=\"async\" class=\" wp-image-18658 aligncenter\" src=\"http:\/\/elmetidosve.com\/wp-content\/uploads\/2022\/02\/000-1-300x200.jpg\" alt=\"\" width=\"334\" height=\"222\" srcset=\"https:\/\/elmetidosv.com\/wp-content\/uploads\/2022\/02\/000-1-300x200.jpg 300w, https:\/\/elmetidosv.com\/wp-content\/uploads\/2022\/02\/000-1.jpg 593w\" sizes=\"auto, (max-width: 334px) 100vw, 334px\" \/><\/div>\n<div dir=\"auto\"><\/div>\n<\/div>\n<div class=\"cxmmr5t8 oygrvhab hcukyx3x c1et5uql o9v6fnle ii04i59q\">\n<div dir=\"auto\">En dicho lugar se encontraron los restos de los hermanos Guerrero Toledo y la futbolista Jimena Ram\u00edrez Granados.<\/div>\n<\/div>\n<div dir=\"auto\"><\/div>\n<div dir=\"auto\"><\/div>\n<div class=\"cxmmr5t8 oygrvhab hcukyx3x c1et5uql o9v6fnle ii04i59q\">\n<div dir=\"auto\">Restos de la joven Jimena Ram\u00edrez son velados luego de que fueran entregados a sus familiares.<\/div>\n<\/div>\n<div dir=\"auto\"><\/div>\n<div dir=\"auto\"><\/div>\n<div class=\"cxmmr5t8 oygrvhab hcukyx3x c1et5uql o9v6fnle ii04i59q\">\n<div dir=\"auto\">Prueba de ADN confirma que los cuerpos encontrados en fosa de Nuevo Cuscatl\u00e1n son de los hermanos Guerrero Toledo Villatoro confirm\u00f3 que desde el pasado 23 de diciembre que encontraron los cuerpos de los hermanos, han extra\u00eddo del lugar otras 23 v\u00edctimas.<\/div>\n<div dir=\"auto\"><\/div>\n<div dir=\"auto\"><img loading=\"lazy\" decoding=\"async\" class=\" wp-image-18660 aligncenter\" src=\"http:\/\/elmetidosve.com\/wp-content\/uploads\/2022\/02\/0000-10-300x172.jpg\" alt=\"\" width=\"333\" height=\"191\" srcset=\"https:\/\/elmetidosv.com\/wp-content\/uploads\/2022\/02\/0000-10-300x172.jpg 300w, https:\/\/elmetidosv.com\/wp-content\/uploads\/2022\/02\/0000-10.jpg 600w\" sizes=\"auto, (max-width: 333px) 100vw, 333px\" \/><\/div>\n<\/div>\n<div dir=\"auto\"><\/div>\n<div class=\"cxmmr5t8 oygrvhab hcukyx3x c1et5uql o9v6fnle ii04i59q\">\n<div dir=\"auto\">\u00abA la fecha, tomando en cuenta las tres personas que ya fueron entregadas sus restos a sus familiares, hemos extra\u00eddo de esa finca 23 cad\u00e1veres m\u00e1s, restos humanos\u00bb, dijo Villatoro tras la presentaci\u00f3n de los sospechosos de asesinar a dos personas en Rosario de Mora.<\/div>\n<\/div>\n","protected":false},"excerpt":{"rendered":"<p>El Ministro de Justicia y Seguridad, Gustavo Villatoro, confirm\u00f3 que han extra\u00eddo 26 cuerpos del cementerio clandestino ubicado en la<\/p>\n","protected":false},"author":2,"featured_media":18657,"comment_status":"open","ping_status":"open","sticky":false,"template":"","format":"standard","meta":{"colormag_page_container_layout":"default_layout","colormag_page_sidebar_layout":"default_layout","footnotes":""},"categories":[1],"tags":[],"class_list":["post-18656","post","type-post","status-publish","format-standard","has-post-thumbnail","hentry","category-nacional"],"_links":{"self":[{"href":"https:\/\/elmetidosv.com\/index.php?rest_route=\/wp\/v2\/posts\/18656","targetHints":{"allow":["GET"]}}],"collection":[{"href":"https:\/\/elmetidosv.com\/index.php?rest_route=\/wp\/v2\/posts"}],"about":[{"href":"https:\/\/elmetidosv.com\/index.php?rest_route=\/wp\/v2\/types\/post"}],"author":[{"embeddable":true,"href":"https:\/\/elmetidosv.com\/index.php?rest_route=\/wp\/v2\/users\/2"}],"replies":[{"embeddable":true,"href":"https:\/\/elmetidosv.com\/index.php?rest_route=%2Fwp%2Fv2%2Fcomments&post=18656"}],"version-history":[{"count":2,"href":"https:\/\/elmetidosv.com\/index.php?rest_route=\/wp\/v2\/posts\/18656\/revisions"}],"predecessor-version":[{"id":18662,"href":"https:\/\/elmetidosv.com\/index.php?rest_route=\/wp\/v2\/posts\/18656\/revisions\/18662"}],"wp:featuredmedia":[{"embeddable":true,"href":"https:\/\/elmetidosv.com\/index.php?rest_route=\/wp\/v2\/media\/18657"}],"wp:attachment":[{"href":"https:\/\/elmetidosv.com\/index.php?rest_route=%2Fwp%2Fv2%2Fmedia&parent=18656"}],"wp:term":[{"taxonomy":"category","embeddable":true,"href":"https:\/\/elmetidosv.com\/index.php?rest_route=%2Fwp%2Fv2%2Fcategories&post=18656"},{"taxonomy":"post_tag","embeddable":true,"href":"https:\/\/elmetidosv.com\/index.php?rest_route=%2Fwp%2Fv2%2Ftags&post=18656"}],"curies":[{"name":"wp","href":"https:\/\/api.w.org\/{rel}","templated":true}]}}