{"id":18636,"date":"2022-02-01T17:20:13","date_gmt":"2022-02-01T23:20:13","guid":{"rendered":"http:\/\/elmetidosve.com\/?p=18636"},"modified":"2022-02-01T17:20:13","modified_gmt":"2022-02-01T23:20:13","slug":"conductor-de-cabezal-pierde-el-control-en-apopa","status":"publish","type":"post","link":"https:\/\/elmetidosv.com\/?p=18636","title":{"rendered":"Conductor de cabezal pierde el control en Apopa"},"content":{"rendered":"<p>Un accidente m\u00e1s se registr\u00f3 la ma\u00f1ana de este martes sobre el kil\u00f3metro 11 de la carretera Troncal del Norte jurisdicci\u00f3n del municipio de Apopa, San Salvador.<\/p>\n<p>En el lugar, el conductor de un cabezal perdi\u00f3 el control de la unidad y se estrell\u00f3 contra un poste del tendido el\u00e9ctrico, quedando al borde de un barranco en la zona.<\/p>\n<p>Elementos de los cuerpos de socorro y agentes policiales acudieron al lugar del percance para verificar lo sucedido. Afortunadamente no se reportaron personas lesionadas.<\/p>\n<p>En cuanto a las causas del accidente, las autoridades aseguran que se debi\u00f3 al exceso de velocidad y distracci\u00f3n.<\/p>\n","protected":false},"excerpt":{"rendered":"<p>Un accidente m\u00e1s se registr\u00f3 la ma\u00f1ana de este martes sobre el kil\u00f3metro 11 de la carretera Troncal del Norte<\/p>\n","protected":false},"author":2,"featured_media":18637,"comment_status":"open","ping_status":"open","sticky":false,"template":"","format":"standard","meta":{"colormag_page_container_layout":"default_layout","colormag_page_sidebar_layout":"default_layout","footnotes":""},"categories":[1],"tags":[],"class_list":["post-18636","post","type-post","status-publish","format-standard","has-post-thumbnail","hentry","category-nacional"],"_links":{"self":[{"href":"https:\/\/elmetidosv.com\/index.php?rest_route=\/wp\/v2\/posts\/18636","targetHints":{"allow":["GET"]}}],"collection":[{"href":"https:\/\/elmetidosv.com\/index.php?rest_route=\/wp\/v2\/posts"}],"about":[{"href":"https:\/\/elmetidosv.com\/index.php?rest_route=\/wp\/v2\/types\/post"}],"author":[{"embeddable":true,"href":"https:\/\/elmetidosv.com\/index.php?rest_route=\/wp\/v2\/users\/2"}],"replies":[{"embeddable":true,"href":"https:\/\/elmetidosv.com\/index.php?rest_route=%2Fwp%2Fv2%2Fcomments&post=18636"}],"version-history":[{"count":1,"href":"https:\/\/elmetidosv.com\/index.php?rest_route=\/wp\/v2\/posts\/18636\/revisions"}],"predecessor-version":[{"id":18638,"href":"https:\/\/elmetidosv.com\/index.php?rest_route=\/wp\/v2\/posts\/18636\/revisions\/18638"}],"wp:featuredmedia":[{"embeddable":true,"href":"https:\/\/elmetidosv.com\/index.php?rest_route=\/wp\/v2\/media\/18637"}],"wp:attachment":[{"href":"https:\/\/elmetidosv.com\/index.php?rest_route=%2Fwp%2Fv2%2Fmedia&parent=18636"}],"wp:term":[{"taxonomy":"category","embeddable":true,"href":"https:\/\/elmetidosv.com\/index.php?rest_route=%2Fwp%2Fv2%2Fcategories&post=18636"},{"taxonomy":"post_tag","embeddable":true,"href":"https:\/\/elmetidosv.com\/index.php?rest_route=%2Fwp%2Fv2%2Ftags&post=18636"}],"curies":[{"name":"wp","href":"https:\/\/api.w.org\/{rel}","templated":true}]}}