{"id":18586,"date":"2022-01-25T17:55:57","date_gmt":"2022-01-25T23:55:57","guid":{"rendered":"http:\/\/elmetidosve.com\/?p=18586"},"modified":"2022-01-25T17:55:57","modified_gmt":"2022-01-25T23:55:57","slug":"asamblea-declara-hijo-meritisimo-de-el-salvador-a-rolando-menendez-castro-el-cipitio","status":"publish","type":"post","link":"https:\/\/elmetidosv.com\/?p=18586","title":{"rendered":"Asamblea declara Hijo Merit\u00edsimo de El Salvador a Rolando Men\u00e9ndez Castro, \u201cEl Cipit\u00edo\u201d"},"content":{"rendered":"<p>La nueva Asamblea Legislativa declar\u00f3, este martes, hijo merit\u00edsimo de El Salvador a Rolando Men\u00e9ndez Castro, artista que le dio vida al personaje de \u00abEl Cipit\u00edo\u00bb.<\/p>\n<p>Men\u00e9ndez Castro ha dado vida a \u00abEl Cipit\u00edo\u00bb por m\u00e1s de 30 a\u00f1os, en los cuales ha dejado diversos aportes, en el \u00e1mbito nacional como internacional.<\/p>\n<p>Dicha trayectoria en el campo de las artes esc\u00e9nicas, le permiti\u00f3 recibir diferentes reconocimientos, entre los cuales est\u00e1n: el Premio Nacional de UNICEF por \u00abLas Aventuras de El Cipit\u00edo\u00bb en 1992, Notable Artista de El Salvador en el 2011 y el Micr\u00f3fono Dorado, otorgado por la ASPIES en 2007.<\/p>\n<p>\u00abMe siento muy contento con esta iniciativa de la Asamblea Legislativa de nombrarme hijo merit\u00edsimo de El Salvador, agradezco a los diputados de Nuevas Ideas por hacer esta gesti\u00f3n para darme este reconocimiento y por todo el trabajo que est\u00e1n realizando por el pa\u00eds\u00bb, manifest\u00f3 Men\u00e9ndez Castro.<\/p>\n","protected":false},"excerpt":{"rendered":"<p>La nueva Asamblea Legislativa declar\u00f3, este martes, hijo merit\u00edsimo de El Salvador a Rolando Men\u00e9ndez Castro, artista que le dio<\/p>\n","protected":false},"author":2,"featured_media":18587,"comment_status":"open","ping_status":"open","sticky":false,"template":"","format":"standard","meta":{"colormag_page_container_layout":"default_layout","colormag_page_sidebar_layout":"default_layout","footnotes":""},"categories":[1],"tags":[],"class_list":["post-18586","post","type-post","status-publish","format-standard","has-post-thumbnail","hentry","category-nacional"],"_links":{"self":[{"href":"https:\/\/elmetidosv.com\/index.php?rest_route=\/wp\/v2\/posts\/18586","targetHints":{"allow":["GET"]}}],"collection":[{"href":"https:\/\/elmetidosv.com\/index.php?rest_route=\/wp\/v2\/posts"}],"about":[{"href":"https:\/\/elmetidosv.com\/index.php?rest_route=\/wp\/v2\/types\/post"}],"author":[{"embeddable":true,"href":"https:\/\/elmetidosv.com\/index.php?rest_route=\/wp\/v2\/users\/2"}],"replies":[{"embeddable":true,"href":"https:\/\/elmetidosv.com\/index.php?rest_route=%2Fwp%2Fv2%2Fcomments&post=18586"}],"version-history":[{"count":1,"href":"https:\/\/elmetidosv.com\/index.php?rest_route=\/wp\/v2\/posts\/18586\/revisions"}],"predecessor-version":[{"id":18588,"href":"https:\/\/elmetidosv.com\/index.php?rest_route=\/wp\/v2\/posts\/18586\/revisions\/18588"}],"wp:featuredmedia":[{"embeddable":true,"href":"https:\/\/elmetidosv.com\/index.php?rest_route=\/wp\/v2\/media\/18587"}],"wp:attachment":[{"href":"https:\/\/elmetidosv.com\/index.php?rest_route=%2Fwp%2Fv2%2Fmedia&parent=18586"}],"wp:term":[{"taxonomy":"category","embeddable":true,"href":"https:\/\/elmetidosv.com\/index.php?rest_route=%2Fwp%2Fv2%2Fcategories&post=18586"},{"taxonomy":"post_tag","embeddable":true,"href":"https:\/\/elmetidosv.com\/index.php?rest_route=%2Fwp%2Fv2%2Ftags&post=18586"}],"curies":[{"name":"wp","href":"https:\/\/api.w.org\/{rel}","templated":true}]}}