{"id":18464,"date":"2022-01-18T17:31:26","date_gmt":"2022-01-18T23:31:26","guid":{"rendered":"http:\/\/elmetidosve.com\/?p=18464"},"modified":"2022-01-18T17:31:26","modified_gmt":"2022-01-18T23:31:26","slug":"la-respuesta-es-no-lo-sabemos-fauci-advierte-que-es-demasiado-pronto-suponer-que-omicron-pondria-fin-a-la-pandemia-de-covid-19","status":"publish","type":"post","link":"https:\/\/elmetidosv.com\/?p=18464","title":{"rendered":"\u00abLa respuesta es: no lo sabemos\u00bb: Fauci advierte que es demasiado pronto suponer que \u00f3micron pondr\u00eda fin a la pandemia de covid-19"},"content":{"rendered":"<p>El epidemi\u00f3logo jefe de EE.UU.,\u00a0Anthony Fauci, asever\u00f3 este lunes que es prematuro afirmar que la variante \u00f3micron del coronavirus podr\u00eda marcar el fin de la pandemia. Las declaraciones fueron parte de\u00a0su\u00a0intervenci\u00f3n\u00a0en la sesi\u00f3n virtual de Davos Agenda 2022 del Foro Econ\u00f3mico Mundial.<\/p>\n<p>La\u00a0aparici\u00f3n de los primeros datos sobre \u00f3micron, que\u00a0se caracteriza por una alta cantidad de mutaciones\u00a0y\u00a0una r\u00e1pida transmisibilidad, inicialmente gener\u00f3\u00a0optimismo\u00a0cauteloso entre la comunidad cient\u00edfica. La menor gravedad de la enfermedad aviv\u00f3 la esperanza de que su r\u00e1pida propagaci\u00f3n, que resultar\u00eda en un aumento de personas con\u00a0<strong>inmunidad natural<\/strong>, sea\u00a0clave para la transici\u00f3n hacia el nivel end\u00e9mico del covid-19.<\/p>\n<p>A finales de diciembre, Fauci se\u00f1al\u00f3 que el \u00abpico dr\u00e1stico\u00bb de contagios provocados por \u00f3micron podr\u00eda transformarse en una tendencia descendiente con\u00a0<strong>\u00abun nivel muy bajo\u00bb<\/strong>\u00a0de nuevos casos. No obstante, esta semana el principal epidemi\u00f3logo de EE.UU.\u00a0se mostr\u00f3 m\u00e1s cauteloso\u00a0ante la ola de contagios del covid-19 que actualmente azota el pa\u00eds norteamericano.<\/p>\n<p>\u00abMi esperanza ser\u00eda\u00a0que ese fuera el caso pero solamente ser\u00eda el caso\u00a0<strong>si no\u00a0tendremos otra variante<\/strong>\u00a0que eluda la respuesta inmune. [&#8230;] La respuesta es: no lo sabemos\u00bb, dijo Fauci al contestar si la humanidad podr\u00eda pasar hacia\u00a0el nivel end\u00e9mico del coronavirus en 2022 gracias\u00a0al papel de la\u00a0variante \u00f3micron como un inmunizador natural.<\/p>\n<p>\u00abEs una pregunta abierta si \u00f3micron ser\u00e1 la vacunaci\u00f3n con el virus vivo que todo el mundo espera porque hay una\u00a0<strong>gran variabilidad<\/strong>\u00a0con otras variantes que aparecen\u00bb, agreg\u00f3 el funcionario.<\/p>\n<p>Paralelamente,\u00a0Fauci asegur\u00f3 que el coronavirus nunca desaparecer\u00e1 por completo. \u00abSolamente hemos erradicado una enfermedad infecciosa: la viruela.\u00a0<strong>No va a suceder con este virus<\/strong>\u00ab, afirm\u00f3. En cambio, el coronavirus estar\u00e1 presente a un nivel posible de controlar \u00abque no perturbar\u00e1 a la sociedad\u00bb.<\/p>\n<div class=\"EmbedBlock-root EmbedBlock-externalVideo EmbedBlock-youtube\">\n<div id=\"QukcujWa0qs\" class=\"YouTubeEmbed lazyloaded\" data-module=\"YouTubeEmbed\">\n<div class=\"YouTubeEmbed-cover\"><button class=\"YouTubeEmbed-button\"><\/button><picture class=\"YouTubeEmbed-image YouTubeEmbed-image--visible\"><source srcset=\"https:\/\/i.ytimg.com\/vi\/QukcujWa0qs\/hqdefault.jpg\" media=\"(max-width: 600px)\" data-srcset=\"https:\/\/i.ytimg.com\/vi\/QukcujWa0qs\/hqdefault.jpg\" \/><\/picture><\/div>\n<\/div>\n<\/div>\n<div class=\"ReadMore-root Section-root Section-is1to3-xs_is1to1\" data-widgets=\"ReadMore\">\n<div class=\"Section-container Section-isRow-isTop-isWrap\">\n<article class=\"Card-root Card-is1to1 \">\n<div class=\"Card-imageWrap\">\n<div class=\"Card-picture\"><picture class=\"Picture-root Picture-default\"><source srcset=\" \nhttps:\/\/cdni.rt.com\/actualidad\/public_images\/2022.01\/thumbnail\/61d28935e9ff71678b104164.jpg 850w,\n                https:\/\/cdni.rt.com\/actualidad\/public_images\/2022.01\/article\/61d28935e9ff71678b104164.jpg 1960w,\n            \" media=\"(-webkit-min-device-pixel-ratio: 2) and (min-resolution: 120dpi)\" sizes=\"280px\" data-srcset=\"\n                https:\/\/cdni.rt.com\/actualidad\/public_images\/2022.01\/thumbnail\/61d28935e9ff71678b104164.jpg 850w,\n                https:\/\/cdni.rt.com\/actualidad\/public_images\/2022.01\/article\/61d28935e9ff71678b104164.jpg 1960w,\n            \" \/><source srcset=\" \nhttps:\/\/cdni.rt.com\/actualidad\/public_images\/2022.01\/thumbnail\/61d28935e9ff71678b104164.jpg 460w,\n              https:\/\/cdni.rt.com\/actualidad\/public_images\/2022.01\/article\/61d28935e9ff71678b104164.jpg 980w,\n            \" sizes=\"280px\" data-srcset=\"\n              https:\/\/cdni.rt.com\/actualidad\/public_images\/2022.01\/thumbnail\/61d28935e9ff71678b104164.jpg 460w,\n              https:\/\/cdni.rt.com\/actualidad\/public_images\/2022.01\/article\/61d28935e9ff71678b104164.jpg 980w,\n            \" \/><\/picture><\/div>\n<\/div>\n<\/article>\n<\/div>\n<\/div>\n","protected":false},"excerpt":{"rendered":"<p>El epidemi\u00f3logo jefe de EE.UU.,\u00a0Anthony Fauci, asever\u00f3 este lunes que es prematuro afirmar que la variante \u00f3micron del coronavirus podr\u00eda<\/p>\n","protected":false},"author":2,"featured_media":18465,"comment_status":"open","ping_status":"open","sticky":false,"template":"","format":"standard","meta":{"colormag_page_container_layout":"default_layout","colormag_page_sidebar_layout":"default_layout","footnotes":""},"categories":[3],"tags":[],"class_list":["post-18464","post","type-post","status-publish","format-standard","has-post-thumbnail","hentry","category-internacional"],"_links":{"self":[{"href":"https:\/\/elmetidosv.com\/index.php?rest_route=\/wp\/v2\/posts\/18464","targetHints":{"allow":["GET"]}}],"collection":[{"href":"https:\/\/elmetidosv.com\/index.php?rest_route=\/wp\/v2\/posts"}],"about":[{"href":"https:\/\/elmetidosv.com\/index.php?rest_route=\/wp\/v2\/types\/post"}],"author":[{"embeddable":true,"href":"https:\/\/elmetidosv.com\/index.php?rest_route=\/wp\/v2\/users\/2"}],"replies":[{"embeddable":true,"href":"https:\/\/elmetidosv.com\/index.php?rest_route=%2Fwp%2Fv2%2Fcomments&post=18464"}],"version-history":[{"count":1,"href":"https:\/\/elmetidosv.com\/index.php?rest_route=\/wp\/v2\/posts\/18464\/revisions"}],"predecessor-version":[{"id":18466,"href":"https:\/\/elmetidosv.com\/index.php?rest_route=\/wp\/v2\/posts\/18464\/revisions\/18466"}],"wp:featuredmedia":[{"embeddable":true,"href":"https:\/\/elmetidosv.com\/index.php?rest_route=\/wp\/v2\/media\/18465"}],"wp:attachment":[{"href":"https:\/\/elmetidosv.com\/index.php?rest_route=%2Fwp%2Fv2%2Fmedia&parent=18464"}],"wp:term":[{"taxonomy":"category","embeddable":true,"href":"https:\/\/elmetidosv.com\/index.php?rest_route=%2Fwp%2Fv2%2Fcategories&post=18464"},{"taxonomy":"post_tag","embeddable":true,"href":"https:\/\/elmetidosv.com\/index.php?rest_route=%2Fwp%2Fv2%2Ftags&post=18464"}],"curies":[{"name":"wp","href":"https:\/\/api.w.org\/{rel}","templated":true}]}}