{"id":18410,"date":"2022-01-15T17:47:43","date_gmt":"2022-01-15T23:47:43","guid":{"rendered":"http:\/\/elmetidosve.com\/?p=18410"},"modified":"2022-01-15T17:47:43","modified_gmt":"2022-01-15T23:47:43","slug":"fatal-accidente-deja-dos-fallecidos-y-un-lesionado-en-san-sebastian-san-vicente","status":"publish","type":"post","link":"https:\/\/elmetidosv.com\/?p=18410","title":{"rendered":"Fatal accidente deja dos fallecidos y un lesionado en, San Sebasti\u00e1n, San Vicente"},"content":{"rendered":"<p><img loading=\"lazy\" decoding=\"async\" class=\"alignnone size-medium wp-image-18411\" src=\"http:\/\/elmetidosve.com\/wp-content\/uploads\/2022\/01\/0000-36-216x300.jpg\" alt=\"\" width=\"216\" height=\"300\" srcset=\"https:\/\/elmetidosv.com\/wp-content\/uploads\/2022\/01\/0000-36-216x300.jpg 216w, https:\/\/elmetidosv.com\/wp-content\/uploads\/2022\/01\/0000-36.jpg 736w\" sizes=\"auto, (max-width: 216px) 100vw, 216px\" \/> <img loading=\"lazy\" decoding=\"async\" class=\"\" src=\"https:\/\/elblog.com\/inicio\/wp-content\/uploads\/2022\/01\/san-sebastian.jpg\" width=\"404\" height=\"298\" \/><\/p>\n<p>Un tr\u00e1gico accidente se report\u00f3 la tarde de este s\u00e1bado en la carretera al municipio de San Sebasti\u00e1n, del departamento de San Vicente, a la altura de la zona conocida como El Nance, explicaron medios locales.<\/p>\n<p>Se han reportado dos personas fallecidas y una lesionada. En el caso de este \u00faltimo fue llevado hacia el hospital Santa Gertrudis de la cabecera departamental de San Vicente.<\/p>\n<p>Por el momento se han detallado las identidades de las v\u00edctima y en estos momento se encuentra agentes de la Divisi\u00f3n de Tr\u00e1nsito de la Polic\u00eda Nacional Civil (PNC) para determinar la causa del choque.<\/p>\n","protected":false},"excerpt":{"rendered":"<p>Un tr\u00e1gico accidente se report\u00f3 la tarde de este s\u00e1bado en la carretera al municipio de San Sebasti\u00e1n, del departamento<\/p>\n","protected":false},"author":2,"featured_media":18412,"comment_status":"open","ping_status":"open","sticky":false,"template":"","format":"standard","meta":{"colormag_page_container_layout":"default_layout","colormag_page_sidebar_layout":"default_layout","footnotes":""},"categories":[1],"tags":[],"class_list":["post-18410","post","type-post","status-publish","format-standard","has-post-thumbnail","hentry","category-nacional"],"_links":{"self":[{"href":"https:\/\/elmetidosv.com\/index.php?rest_route=\/wp\/v2\/posts\/18410","targetHints":{"allow":["GET"]}}],"collection":[{"href":"https:\/\/elmetidosv.com\/index.php?rest_route=\/wp\/v2\/posts"}],"about":[{"href":"https:\/\/elmetidosv.com\/index.php?rest_route=\/wp\/v2\/types\/post"}],"author":[{"embeddable":true,"href":"https:\/\/elmetidosv.com\/index.php?rest_route=\/wp\/v2\/users\/2"}],"replies":[{"embeddable":true,"href":"https:\/\/elmetidosv.com\/index.php?rest_route=%2Fwp%2Fv2%2Fcomments&post=18410"}],"version-history":[{"count":1,"href":"https:\/\/elmetidosv.com\/index.php?rest_route=\/wp\/v2\/posts\/18410\/revisions"}],"predecessor-version":[{"id":18413,"href":"https:\/\/elmetidosv.com\/index.php?rest_route=\/wp\/v2\/posts\/18410\/revisions\/18413"}],"wp:featuredmedia":[{"embeddable":true,"href":"https:\/\/elmetidosv.com\/index.php?rest_route=\/wp\/v2\/media\/18412"}],"wp:attachment":[{"href":"https:\/\/elmetidosv.com\/index.php?rest_route=%2Fwp%2Fv2%2Fmedia&parent=18410"}],"wp:term":[{"taxonomy":"category","embeddable":true,"href":"https:\/\/elmetidosv.com\/index.php?rest_route=%2Fwp%2Fv2%2Fcategories&post=18410"},{"taxonomy":"post_tag","embeddable":true,"href":"https:\/\/elmetidosv.com\/index.php?rest_route=%2Fwp%2Fv2%2Ftags&post=18410"}],"curies":[{"name":"wp","href":"https:\/\/api.w.org\/{rel}","templated":true}]}}