{"id":18402,"date":"2022-01-15T17:12:44","date_gmt":"2022-01-15T23:12:44","guid":{"rendered":"http:\/\/elmetidosve.com\/?p=18402"},"modified":"2022-01-15T17:12:44","modified_gmt":"2022-01-15T23:12:44","slug":"condenan-a-60-anos-de-prision-a-el-marro-lider-del-cartel-santa-rosa-de-lima","status":"publish","type":"post","link":"https:\/\/elmetidosv.com\/?p=18402","title":{"rendered":"Condenan a 60 a\u00f1os de prisi\u00f3n a &#8216;El Marro&#8217;, l\u00edder del C\u00e1rtel Santa Rosa de Lima"},"content":{"rendered":"<div class=\"Text-root Text-type_5 ArticleView-text ViewText-root \">\n<p>El l\u00edder del C\u00e1rtel Santa Rosa de Lima (CSRL), Jos\u00e9 Antonio Y\u00e9pez Ortiz, alias &#8216;El Marro&#8217;, fue sentenciado este viernes a 60 a\u00f1os de prisi\u00f3n por el delito de secuestro agravado, seg\u00fan informaron las autoridades de Guanajuato.<\/p>\n<p>\u00abUn tribunal de juicio oral del Poder Judicial del estado de Guanajuato, con sustento en pruebas presentadas por el Ministerio P\u00fabico, lo encontr\u00f3 culpable a \u00e9l y a sus coautores por el delito de secuestro\u00bb,\u00a0indic\u00f3\u00a0la Fiscal\u00eda General del estado en un mensaje en redes sociales.<\/p>\n<p>Al frente del CSRL, &#8216;El Marro&#8217; libr\u00f3 una violenta disputa principalmente contra el C\u00e1rtel Jalisco Nueva Generaci\u00f3n (CJNG) por el control del territorio para el robo de hidrocarburos, narcotr\u00e1fico y otras actividades delictivas.<\/p>\n<\/div>\n<div class=\"ArticleView-telegramBanner\"><\/div>\n","protected":false},"excerpt":{"rendered":"<p>El l\u00edder del C\u00e1rtel Santa Rosa de Lima (CSRL), Jos\u00e9 Antonio Y\u00e9pez Ortiz, alias &#8216;El Marro&#8217;, fue sentenciado este viernes<\/p>\n","protected":false},"author":2,"featured_media":18404,"comment_status":"open","ping_status":"open","sticky":false,"template":"","format":"standard","meta":{"colormag_page_container_layout":"default_layout","colormag_page_sidebar_layout":"default_layout","footnotes":""},"categories":[3],"tags":[],"class_list":["post-18402","post","type-post","status-publish","format-standard","has-post-thumbnail","hentry","category-internacional"],"_links":{"self":[{"href":"https:\/\/elmetidosv.com\/index.php?rest_route=\/wp\/v2\/posts\/18402","targetHints":{"allow":["GET"]}}],"collection":[{"href":"https:\/\/elmetidosv.com\/index.php?rest_route=\/wp\/v2\/posts"}],"about":[{"href":"https:\/\/elmetidosv.com\/index.php?rest_route=\/wp\/v2\/types\/post"}],"author":[{"embeddable":true,"href":"https:\/\/elmetidosv.com\/index.php?rest_route=\/wp\/v2\/users\/2"}],"replies":[{"embeddable":true,"href":"https:\/\/elmetidosv.com\/index.php?rest_route=%2Fwp%2Fv2%2Fcomments&post=18402"}],"version-history":[{"count":1,"href":"https:\/\/elmetidosv.com\/index.php?rest_route=\/wp\/v2\/posts\/18402\/revisions"}],"predecessor-version":[{"id":18405,"href":"https:\/\/elmetidosv.com\/index.php?rest_route=\/wp\/v2\/posts\/18402\/revisions\/18405"}],"wp:featuredmedia":[{"embeddable":true,"href":"https:\/\/elmetidosv.com\/index.php?rest_route=\/wp\/v2\/media\/18404"}],"wp:attachment":[{"href":"https:\/\/elmetidosv.com\/index.php?rest_route=%2Fwp%2Fv2%2Fmedia&parent=18402"}],"wp:term":[{"taxonomy":"category","embeddable":true,"href":"https:\/\/elmetidosv.com\/index.php?rest_route=%2Fwp%2Fv2%2Fcategories&post=18402"},{"taxonomy":"post_tag","embeddable":true,"href":"https:\/\/elmetidosv.com\/index.php?rest_route=%2Fwp%2Fv2%2Ftags&post=18402"}],"curies":[{"name":"wp","href":"https:\/\/api.w.org\/{rel}","templated":true}]}}