{"id":18399,"date":"2022-01-15T17:00:40","date_gmt":"2022-01-15T23:00:40","guid":{"rendered":"http:\/\/elmetidosve.com\/?p=18399"},"modified":"2022-01-15T17:00:40","modified_gmt":"2022-01-15T23:00:40","slug":"perro-se-niega-a-dejar-de-ladrar-hasta-que-un-motociclista-lo-sigue-hasta-un-bebe-abandonado","status":"publish","type":"post","link":"https:\/\/elmetidosv.com\/?p=18399","title":{"rendered":"Perro se niega a dejar de ladrar hasta que un motociclista lo sigue hasta un beb\u00e9 abandonado"},"content":{"rendered":"<p>A fines de diciembre, Junrell Fuentes Revilla conduc\u00eda su motocicleta por las monta\u00f1as cerca de Ceb\u00fa en Filipinas cuando un perro comenz\u00f3 a correr tras \u00e9l.\u00a0El perro ladraba y ladraba, desesperado por llamar la atenci\u00f3n de Revilla.\u00a0El motociclista pudo sentir que el perro estaba tratando de decirle algo, por lo que detuvo su motocicleta y se acerc\u00f3 al cachorro.<\/p>\n<p><img loading=\"lazy\" decoding=\"async\" class=\"aligncenter\" src=\"https:\/\/i0.wp.com\/assets3.thrillist.com\/v1\/image\/2940301\/1584x3000\/scale;jpeg_quality=60.jpg?w=660&amp;ssl=1\" width=\"420\" height=\"315\" \/><\/p>\n<p>El perro llev\u00f3 a Revilla a un vertedero y hab\u00eda un peque\u00f1o bulto que se retorc\u00eda en el suelo. \u201cPara sorpresa de Revilla, encontr\u00f3 a un beb\u00e9 envuelto en una toalla marr\u00f3n\u201d, dijo a The Dodo Gea Ybarita, miembro del personal de Hope for Strays.<\/p>\n<p>\u201cEl lugar donde se encontr\u00f3 al beb\u00e9 est\u00e1 aislado, ya que est\u00e1 en la cima de la monta\u00f1a\u201d. Revilla recogi\u00f3 al reci\u00e9n nacido y lo llev\u00f3 r\u00e1pidamente a la comisar\u00eda de polic\u00eda m\u00e1s cercana, donde intervino el Departamento de Bienestar Social. Gracias a la rapidez del perro, el beb\u00e9 fue encontrado justo a tiempo y a\u00fan se encontraba en buen estado de salud.<\/p>\n<p><img loading=\"lazy\" decoding=\"async\" class=\"aligncenter\" src=\"https:\/\/i0.wp.com\/assets3.thrillist.com\/v1\/image\/2940302\/1584x3000\/scale;jpeg_quality=60.jpg?w=660&amp;ssl=1\" width=\"406\" height=\"359\" \/><\/p>\n<p>Cuando la historia del hero\u00edsmo del perro callejero se extendi\u00f3 a las noticias locales, los voluntarios se apresuraron a las monta\u00f1as con la esperanza de encontrar al valiente perrito. En cambio, se encontraron con un hombre que afirm\u00f3 que el perro, llamado Blacky, le pertenec\u00eda. \u201cNos mostr\u00f3 el camino a su casa y para nuestra sorpresa, Blacky estaba all\u00ed con otros tres perros\u201d, dijo Ybarita. \u201cHemos confirmado que no es un callejero en absoluto\u201d.<\/p>\n<p><img loading=\"lazy\" decoding=\"async\" class=\"aligncenter\" src=\"https:\/\/i0.wp.com\/assets3.thrillist.com\/v1\/image\/2940307\/1584x3000\/scale;jpeg_quality=60.jpg?w=660&amp;ssl=1\" width=\"441\" height=\"331\" \/><\/p>\n<p>Los rescatistas se sintieron aliviados de que Blacky tuviera un hogar lleno de amor, pero era evidente que el perro y su familia a\u00fan necesitaban ayuda. \u201cEl due\u00f1o de Blacky dijo: \u2018No importa lo dif\u00edcil que sea la vida, aunque soy pobre, alimento a todos mis perros y los cuido bien\u2019\u201d, dijo Ybarita.<\/p>\n<p>Desde entonces, Blacky y su familia han recibido un gran apoyo de la comunidad, incluidas donaciones de alimentos, suministros para mascotas y m\u00e1s. Si bien es posible que Blacky no lo sepa, ha cambiado el futuro para \u00e9l, su familia y una ni\u00f1a muy afortunada.<\/p>\n<div class=\"afw afw_custom afw_ad afwadid-5890  acss42e75\" data-ad-id=\"5890\"><\/div>\n","protected":false},"excerpt":{"rendered":"<p>A fines de diciembre, Junrell Fuentes Revilla conduc\u00eda su motocicleta por las monta\u00f1as cerca de Ceb\u00fa en Filipinas cuando un<\/p>\n","protected":false},"author":2,"featured_media":18400,"comment_status":"open","ping_status":"open","sticky":false,"template":"","format":"standard","meta":{"colormag_page_container_layout":"default_layout","colormag_page_sidebar_layout":"default_layout","footnotes":""},"categories":[3],"tags":[],"class_list":["post-18399","post","type-post","status-publish","format-standard","has-post-thumbnail","hentry","category-internacional"],"_links":{"self":[{"href":"https:\/\/elmetidosv.com\/index.php?rest_route=\/wp\/v2\/posts\/18399","targetHints":{"allow":["GET"]}}],"collection":[{"href":"https:\/\/elmetidosv.com\/index.php?rest_route=\/wp\/v2\/posts"}],"about":[{"href":"https:\/\/elmetidosv.com\/index.php?rest_route=\/wp\/v2\/types\/post"}],"author":[{"embeddable":true,"href":"https:\/\/elmetidosv.com\/index.php?rest_route=\/wp\/v2\/users\/2"}],"replies":[{"embeddable":true,"href":"https:\/\/elmetidosv.com\/index.php?rest_route=%2Fwp%2Fv2%2Fcomments&post=18399"}],"version-history":[{"count":1,"href":"https:\/\/elmetidosv.com\/index.php?rest_route=\/wp\/v2\/posts\/18399\/revisions"}],"predecessor-version":[{"id":18401,"href":"https:\/\/elmetidosv.com\/index.php?rest_route=\/wp\/v2\/posts\/18399\/revisions\/18401"}],"wp:featuredmedia":[{"embeddable":true,"href":"https:\/\/elmetidosv.com\/index.php?rest_route=\/wp\/v2\/media\/18400"}],"wp:attachment":[{"href":"https:\/\/elmetidosv.com\/index.php?rest_route=%2Fwp%2Fv2%2Fmedia&parent=18399"}],"wp:term":[{"taxonomy":"category","embeddable":true,"href":"https:\/\/elmetidosv.com\/index.php?rest_route=%2Fwp%2Fv2%2Fcategories&post=18399"},{"taxonomy":"post_tag","embeddable":true,"href":"https:\/\/elmetidosv.com\/index.php?rest_route=%2Fwp%2Fv2%2Ftags&post=18399"}],"curies":[{"name":"wp","href":"https:\/\/api.w.org\/{rel}","templated":true}]}}